{"id":5947,"date":"2024-07-26T13:24:54","date_gmt":"2024-07-26T11:24:54","guid":{"rendered":"https:\/\/www.ampere.cars\/?post_type=actualites&#038;p=5947"},"modified":"2026-02-16T15:22:40","modified_gmt":"2026-02-16T14:22:40","slug":"anne-catherine-brieux-appointed-vp-industrial-operations-of-ampere","status":"publish","type":"actualites","link":"https:\/\/www.ampere.cars\/en\/news\/anne-catherine-brieux-appointed-vp-industrial-operations-of-ampere\/","title":{"rendered":"Anne-Catherine Brieux appointed VP Industrial Operations of Ampere"},"content":{"rendered":"\n\n<div id=\"acf-block-6993282e77763\" class=\"teq-container cp-herobanner-news relative anim-bg \" data-color=\"white\">\n    <div class=\"teq-row max-w cp-breadcrumb\" >\n                    <div class=\"breadcrumb col-12\">\n                <span><span><a href=\"https:\/\/www.ampere.cars\/en\/\">Home<\/a><\/span><\/span>            <\/div>\n            <\/div>\n    <div class=\"teq-row max-w container\">\n        <div class=\"col-12 col-lg-5 content relative\">\n                            <div class=\"mb-5\">\n                    <p class=\"text-uppercase wix w-400 txt-10 ls-2 thematics-date\">\n                        <span>\n                                                                                                                    <strong>Press release<\/strong>\n                                                    <\/span>\n\n                        <span class=\"separator\">&#8211;<\/span>\n\n                        <span>26.07.2024<\/span>\n                    <\/p>\n                <\/div>\n                                        <h1 class=\"title wix w-400 l-130 ls-9 text-uppercase\">\n                    Anne-Catherine Brieux appointed<br \/>\n<strong>VP Industrial Operations<\/strong><br \/>\n of Ampere\n                <\/h1>\n                    <\/div>\n            <\/div>\n<\/div>\n\n\n\n\n\n  <div id=\"acf-block-6993282e777a4\" class=\"cp-content teq-container white anim-bg  \" data-color=\"white\">\n    <div class=\"teq-row max-w d-flex  justify-center height-100 align-center\">\n        <div class=\"col-12 relative cp-wysiwyg col-lg-8\">\n        \n                        <div class=\"mt-0 \"><p><strong>Boulogne-Billancourt, July 26, 2024 \u2013 Ampere announced as of August 1st 2024, the appointment of Anne-Catherine Brieux, currently VP Quality Strategy, Suppliers &amp; Development (Renault Group), as VP Industrial Operations. Anne-Catherine Brieux becomes a member of Ampere Leadership Team, reporting to Luca de Meo, CEO of Ampere.<\/strong><\/p>\n<p><img decoding=\"async\" src=\"https:\/\/www.ampere.cars\/app\/uploads\/2024\/07\/Anne-Catherine-Brieux_01.jpg\" alt=\"https:\/\/www.ampere.cars\/app\/uploads\/2024\/07\/Anne-Catherine-Brieux_01.jpg\" \/><br \/>\nAnne-Catherine Brieux will take over from Luciano Biondo who decided to leave the Group for new endeavors. She will be responsible for the four industrial sites of Ampere: Douai, Maubeuge, Ruitz, which form the ElectriCity hub, and the industrial site of Cl\u00e9on; as well as the functions of Purchasing, Quality, Production Engineering, Supply Chain and IT of Ampere.<\/p>\n<p><em>\u201cI would like to thank Luciano for his commitment since he joined the Group in 2020. He has been a tremendous asset in the implementation of our Electricity hub and in enhancing the group&#8217;s presence in northern France. The transformation of our four sites towards electric is a key step to support the electric and &#8216;Made in France&#8217; strategy. I wish him much success in his new projects. I am very pleased to welcome Anne-Catherine in Ampere. Her background in industry, quality, and supplier managementmakes her the right person to carry the industrial excellence of our company<\/em>.\u201d said Josep-Maria Recasens, COO of Ampere.<\/p>\n<p><strong>Anne-Catherine Brieux<\/strong> joined Renault in 1997 after graduating from INSA Rouen, as a manufacturing engineer at the Cl\u00e9on plant. Two years later, she joined the engineering teams where she led key product standardization projects within the Renault-Nissan Alliance. In 2006, Anne-Catherine took responsibility for an Engine Design Office at the Mechanical plant, where she led and integrated the first decentralized engine design in the factory for the Duster project. After 12 years in engine design and development, Anne-Catherine joined the Manufacturing family in April 2011, where she initially took responsibility for an Engine Assembly department, then Machining at\u00a0 Cl\u00e9on plant. After serving as deputy operations manager, she took over the management of the Renault Motores plant (Valladolid, Spain) in 2017, then the management of the Palencia plant. In 2023, she became Director of Quality Strategy, Suppliers, and Development within Renault Group&#8217;s Quality Department.<\/p>\n<p><strong>Luciano Biondo<\/strong> began his career in 1991 at the PSA Peugeot Citro\u00ebn plant in Sochaux as a production operator, before being promoted to unit manager in 1992. Between June 1993 and 2000, he took part in the launch of the PSA Peugeot Citro\u00ebn production plant at Sevelnord, and in the launch of the MPV range for the Group\u2019s four brands (Peugeot Citro\u00ebn, Fiat and Lancia). In 2000, he joined Toyota Motor Manufacturing France\u2019s brand-new site in northern France to start up the paint department. Between 2013 and 2020, he was General Manager of Toyota Motor Manufacturing France in Valenciennes, his home town, which he helped to develop competitively and sustainably, and successfully launched the Yaris and Yaris Cross. In October 2020, Luciano Biondo joins Renault Group to set up the Northern France industrial hub, dedicated to the manufacture of the brand\u2019s all-electric vehicles, bringing together the Douai, Maubeuge and Ruitz plants (5,000 employees). On January 1, 2022, he was appointed General Manager of Renault ElectriCity, Europe\u2019s largest and most efficient production unit for electric vehicles. Since November 2023, Luciano was VP, Industrial Operations of Ampere.<\/p>\n<\/div>\n                                        <\/div>\n\n    <\/div>\n  <\/div>\n\n\n\n\n<div id=\"acf-block-6993282e777e0\" class=\"cp-upload teq-container pt-10 pt-lg-11 anim-bg bg-c-black \" data-color=\"black\">\n  <div class=\"teq-row max-w\">\n          <h3 class=\"txt-22 ls-8 l-120 w-400 wix text-uppercase col-12 col-lg-5 c-txt-white animShowText\" data-from=\"bottom\">\n        <p>Downloadable<br \/>\n<strong>documents<\/strong><\/p>\n      <\/h3>\n        \n        <div class=\"docs-wrapper col-12 mt-4 mt-lg-6\">\n          <div class=\"docs-wrapper-inner solo teq-row\">\n\n                                    <div class=\"d-grid doc col-6\">\n                          <div class=\"doc-inner py-3 px-3 bg-c-gs-upload d-flex align-center gap-24 relative height-auto\">\n                            <a\n                              aria-label=\"Download the pdf (130 Ko) : Anne-Catherine Brieux appointed VP Industrial Operations of Ampere\"\n                              class=\"stretched-link width-100 height-100 absolute inset-0 js-open-pop-download\"\n                              href=\"https:\/\/www.ampere.cars\/app\/uploads\/2024\/07\/Anne-Catherine_Brieux_appointed_VP_Industrial_Operations_of_Ampere-1.pdf\"\n                              target=\"\"\n                                                            data-title=\"Anne-Catherine Brieux appointed VP Industrial Operations of Ampere\"\n                              data-size=\"PDF (130 Ko)\"                              download\n                              >\n                            <\/a>\n                                                          <svg class=\"doc-img icon-doc-file\">\n                                <use xlink:href=\"#icon-doc-file\"><\/use>\n                              <\/svg>\n                            \n                            <div class=\"content width-100 d-flex justify-center column height-100\">\n                                                              <p class=\"c-txt-white txt-10 ls-2 wix text-uppercase w-700\">Press Release<\/p>\n                                                            <p class=\" c-txt-white txt-15 w-300 mt-2\">Anne-Catherine Brieux appointed VP Industrial Operations of Ampere<\/p>\n                                <div class=\"file d-flex align-center justify-between width-100 mt-3 mt-lg-auto gap-30\">\n                                                                      <p class=\"txt-10 w-400 wix text-uppercase c-white link\">pdf (130 Ko)<\/p>\n                                                                    <div class=\"small-ico d-flex align-center justify-center\">\n                                    <svg class=\"icon-download\">\n                                      <use xlink:href=\"#icon-download\"><\/use>\n                                    <\/svg>\n                                  <\/div>\n                                <\/div>\n                            <\/div>\n                          <\/div>\n                      <\/div>\n                \n          <\/div>\n        <\/div>\n  <\/div>\n\n    <div class=\"pop-download\" data-pop-download role=\"dialog\" aria-modal=\"true\" aria-hidden=\"true\">\n    <div class=\"inner\">\n      <h4 class=\"mb-3 text-uppercase\">Download conditions<\/h4>\n      <div class=\"text\">\n        Tous les contenus du site (et notamment les photographies, les textes, les vid\u00e9os, les images et les marques vis\u00e9es) sont la propri\u00e9t\u00e9 de Renault SAS, et\/ou celle de ses filiales ou de tiers ayant autoris\u00e9 Renault SAS \u00e0 les utiliser. Ces contenus sont mis \u00e0 disposition des tiers pour une utilisation \u00e0 des fins exclusivement \u00e9ditoriales. Leur utilisation \u00e0 des fins commerciales et notamment pour des besoins marketing ou publicitaires est strictement interdite et passible de sanctions.      <\/div>\n      <div class=\"input mt-2\">\n        <label class=\"d-flex align-center\">\n          <input type=\"checkbox\" class=\"mr-1\" data-pop-download-check>\n          I accept the download conditions        <\/label>\n      <\/div>\n      <div class=\"dwl-c d-flex mt-4\" data-pop-download-dwlc>\n        <a href=\"#\" class=\"mr-2 btn-ampere no-change width-fit\" data-pop-download-cta><\/a>\n      <\/div>\n      <button type=\"button\" class=\"close\" data-pop-download-close aria-label=\"Fermer\">\n        <svg width=\"48\" height=\"48\" viewBox=\"0 0 48 48\" fill=\"none\" xmlns=\"http:\/\/www.w3.org\/2000\/svg\">\n          <circle cx=\"24\" cy=\"24\" r=\"24\" fill=\"#1E1E1E\"\/>\n          <path fill-rule=\"evenodd\" clip-rule=\"evenodd\"\n                d=\"M31.0286 18.0322L29.9466 16.9502L23.9964 22.9003L18.0498 16.9537L16.9678 18.0357L22.9144 23.9823L16.9583 29.9384L18.0403 31.0204L23.9964 25.0643L29.9506 31.0185L31.0326 29.9365L25.0784 23.9823L31.0286 18.0322Z\"\n                fill=\"#FAFAFA\"\/>\n        <\/svg>\n      <\/button>\n    <\/div>\n  <\/div>\n  <\/div>\n\n\n\n\n\n  <div id=\"acf-block-6993204e38c3b\" class=\"cp-content teq-container black anim-bg  \" data-color=\"black\">\n    <div class=\"teq-row max-w d-flex  justify-center height-100 align-center\">\n        <div class=\"col-12 relative cp-wysiwyg col-lg-8\">\n        \n            <h3 class=\"mb-3 txt-22 ls-9  l-120 title w-400 wix text-uppercase animShowText\" data-from=\"bottom\">\n                <p><strong>Terms of Use and Download<\/strong><\/p>\n            <\/h3>\n\n        \n                        <div class=\"mt-0 \"><p><em>The content available on this website (including but not limited to texts, images, photographs, videos and audio materials) is the property of the companies of Renault Group and\/or of third parties who have authorized its use. This content is made available exclusively for non\u2011commercial editorial use. Journalists, influencers and media professionals may use this content as sources for the creation of their own editorial materials, provided that such materials do not have any commercial character.<\/em><\/p>\n<p><em>Any use for commercial, marketing, advertising or promotional purposes, including on social media, is strictly prohibited.<\/em><\/p>\n<p><em>The use of this content is subject to these terms as well as to the legal notices of the website, which the user acknowledges having read and accepted.<\/em><\/p>\n<\/div>\n                                        <\/div>\n\n    <\/div>\n  <\/div>\n\n\n\n  <div id=\"acf-block-6993282e777f9\" class=\"cp-content teq-container white anim-bg  \" data-color=\"white\">\n    <div class=\"teq-row max-w d-flex  justify-center height-100 align-center\">\n        <div class=\"col-12 relative cp-wysiwyg col-lg-8\">\n        \n            <h3 class=\"mb-3 txt-22 ls-9  l-120 title w-400 wix text-uppercase animShowText\" data-from=\"bottom\">\n                <h2>Press contact<\/h2>\n<p class=\"name\">Ri\u00e9 Yamane<\/p>\n<p><a href=\"mailto:rie.yamane@renault.com \" target=\"_blank\" rel=\"noopener\">Rie.yamane@renault.com <\/a><\/p>\n<p><span class=\"ui-provider ed awq awr aws awt awu awv aww awx awy awz axa axb axc axd axe axf axg axh axi axj axk axl axm axn axo axp axq axr axs axt axu axv axw axx\" dir=\"ltr\"><a title=\"tel:+33 6.03.16.35.20\" target=\"_blank\" rel=\"noreferrer noopener\">+33 6.03.16.35.20<\/a><\/span><\/p>\n<p><strong>&gt;&gt; Subscribe to the newsletter by clicking <a href=\"https:\/\/newsletter.ampere.cars\/?lang=eng\" target=\"_blank\" rel=\"noopener\">here<\/a>.<\/strong><\/p>\n            <\/h3>\n\n        \n                                        <\/div>\n\n    <\/div>\n  <\/div>\n\n\n\n<div id=\"block_c5bd3152c2cffccbbd46c358919e764f\" class=\"teq-container cp-mesh anim-bg \" data-color=\"white\">\n            <div class=\"teq-row max-w mb-3 mb-lg-6\">\n            <div class=\"col-12\">\n                <h3 class=\"txt-22 wix w-400 l-120 ls-9 text-uppercase animShowText\" data-from=\"bottom\">\n                    <p>CONTINUE<br \/>\n<strong>EXPLORING<\/strong><\/p>\n                <\/h3>\n            <\/div>\n        <\/div>\n            <ul aria-label=\"Other pages of Amp\u00e8re\" class=\"teq-row max-w colum row-lg justify-center\">\n                            <li class=\"col-12 col-lg-4 mb-5 mb-lg-0\">\n                    <div class=\"relative width-100 height-100 relative\">\n                                                    <div class=\"picture\">\n                                <img decoding=\"async\" class=\"d-flex width-100 height-auto\" src=\"https:\/\/www.ampere.cars\/app\/uploads\/2023\/11\/header-designed-lead.jpg\" alt=\"ampere\">\n                            <\/div>\n                                                                            <a class=\"txt-14 w-700 wix l-120 ls-6 text-uppercase stretched-link mt-2 mt-lg-3 c-black\" href=\"https:\/\/www.ampere.cars\/en\/about-ampere\/\" target=\"\">\n                                Who we are                            <\/a>\n                                            <\/div>\n                <\/li>\n                            <li class=\"col-12 col-lg-4 mb-5 mb-lg-0\">\n                    <div class=\"relative width-100 height-100 relative\">\n                                                    <div class=\"picture\">\n                                <img decoding=\"async\" class=\"d-flex width-100 height-auto\" src=\"https:\/\/www.ampere.cars\/app\/uploads\/2023\/11\/Visuel-rebond-what.jpg\" alt=\"Visuel rebond what\">\n                            <\/div>\n                                                                            <a class=\"txt-14 w-700 wix l-120 ls-6 text-uppercase stretched-link mt-2 mt-lg-3 c-black\" href=\"https:\/\/www.ampere.cars\/en\/what-we-do\/\" target=\"\">\n                                What we do                            <\/a>\n                                            <\/div>\n                <\/li>\n                            <li class=\"col-12 col-lg-4 mb-5 mb-lg-0\">\n                    <div class=\"relative width-100 height-100 relative\">\n                                                    <div class=\"picture\">\n                                <img decoding=\"async\" class=\"d-flex width-100 height-auto\" src=\"https:\/\/www.ampere.cars\/app\/uploads\/2023\/11\/Nouveau-projet-22.jpg\" alt=\"cmd ampere\">\n                            <\/div>\n                                                                            <a class=\"txt-14 w-700 wix l-120 ls-6 text-uppercase stretched-link mt-2 mt-lg-3 c-black\" href=\"https:\/\/www.ampere.cars\/en\/amperes-news\/\" target=\"\">\n                                News                            <\/a>\n                                            <\/div>\n                <\/li>\n                    <\/ul>\n    <\/div>\n\n","protected":false},"menu_order":0,"template":"","actualite_thematique":[],"actualite_format":[38],"actualite_annee":[],"acf":[],"yoast_head":"<!-- This site is optimized with the Yoast SEO plugin v21.2 - https:\/\/yoast.com\/wordpress\/plugins\/seo\/ -->\n<title>Anne-Catherine Brieux appointed VP Industrial Operations of Ampere - Ampere.cars<\/title>\n<meta name=\"robots\" content=\"index, follow, max-snippet:-1, max-image-preview:large, max-video-preview:-1\" \/>\n<link rel=\"canonical\" href=\"https:\/\/www.ampere.cars\/en\/news\/anne-catherine-brieux-appointed-vp-industrial-operations-of-ampere\/\" \/>\n<meta property=\"og:locale\" content=\"en_US\" \/>\n<meta property=\"og:type\" content=\"article\" \/>\n<meta property=\"og:title\" content=\"Anne-Catherine Brieux appointed VP Industrial Operations of Ampere - Ampere.cars\" \/>\n<meta property=\"og:url\" content=\"https:\/\/www.ampere.cars\/en\/news\/anne-catherine-brieux-appointed-vp-industrial-operations-of-ampere\/\" \/>\n<meta property=\"og:site_name\" content=\"Ampere.cars\" \/>\n<meta property=\"article:modified_time\" content=\"2026-02-16T14:22:40+00:00\" \/>\n<meta name=\"twitter:card\" content=\"summary_large_image\" \/>\n<script type=\"application\/ld+json\" class=\"yoast-schema-graph\">{\"@context\":\"https:\/\/schema.org\",\"@graph\":[{\"@type\":\"WebPage\",\"@id\":\"https:\/\/www.ampere.cars\/en\/news\/anne-catherine-brieux-appointed-vp-industrial-operations-of-ampere\/\",\"url\":\"https:\/\/www.ampere.cars\/en\/news\/anne-catherine-brieux-appointed-vp-industrial-operations-of-ampere\/\",\"name\":\"Anne-Catherine Brieux appointed VP Industrial Operations of Ampere - Ampere.cars\",\"isPartOf\":{\"@id\":\"https:\/\/www.ampere.cars\/en\/#website\"},\"datePublished\":\"2024-07-26T11:24:54+00:00\",\"dateModified\":\"2026-02-16T14:22:40+00:00\",\"breadcrumb\":{\"@id\":\"https:\/\/www.ampere.cars\/en\/news\/anne-catherine-brieux-appointed-vp-industrial-operations-of-ampere\/#breadcrumb\"},\"inLanguage\":\"en-US\",\"potentialAction\":[{\"@type\":\"ReadAction\",\"target\":[\"https:\/\/www.ampere.cars\/en\/news\/anne-catherine-brieux-appointed-vp-industrial-operations-of-ampere\/\"]}]},{\"@type\":\"BreadcrumbList\",\"@id\":\"https:\/\/www.ampere.cars\/en\/news\/anne-catherine-brieux-appointed-vp-industrial-operations-of-ampere\/#breadcrumb\",\"itemListElement\":[{\"@type\":\"ListItem\",\"position\":1,\"name\":\"Home\",\"item\":\"https:\/\/www.ampere.cars\/en\/\"},{\"@type\":\"ListItem\",\"position\":2,\"name\":\"Ampere&#8217;s news\",\"item\":\"https:\/\/www.ampere.cars\/en\/amperes-news\/\"},{\"@type\":\"ListItem\",\"position\":3,\"name\":\"Anne-Catherine Brieux appointed VP Industrial Operations of Ampere\"}]},{\"@type\":\"WebSite\",\"@id\":\"https:\/\/www.ampere.cars\/en\/#website\",\"url\":\"https:\/\/www.ampere.cars\/en\/\",\"name\":\"Ampere.cars\",\"description\":\"\",\"potentialAction\":[{\"@type\":\"SearchAction\",\"target\":{\"@type\":\"EntryPoint\",\"urlTemplate\":\"https:\/\/www.ampere.cars\/en\/?s={search_term_string}\"},\"query-input\":\"required name=search_term_string\"}],\"inLanguage\":\"en-US\"}]}<\/script>\n<!-- \/ Yoast SEO plugin. -->","yoast_head_json":{"title":"Anne-Catherine Brieux appointed VP Industrial Operations of Ampere - Ampere.cars","robots":{"index":"index","follow":"follow","max-snippet":"max-snippet:-1","max-image-preview":"max-image-preview:large","max-video-preview":"max-video-preview:-1"},"canonical":"https:\/\/www.ampere.cars\/en\/news\/anne-catherine-brieux-appointed-vp-industrial-operations-of-ampere\/","og_locale":"en_US","og_type":"article","og_title":"Anne-Catherine Brieux appointed VP Industrial Operations of Ampere - Ampere.cars","og_url":"https:\/\/www.ampere.cars\/en\/news\/anne-catherine-brieux-appointed-vp-industrial-operations-of-ampere\/","og_site_name":"Ampere.cars","article_modified_time":"2026-02-16T14:22:40+00:00","twitter_card":"summary_large_image","schema":{"@context":"https:\/\/schema.org","@graph":[{"@type":"WebPage","@id":"https:\/\/www.ampere.cars\/en\/news\/anne-catherine-brieux-appointed-vp-industrial-operations-of-ampere\/","url":"https:\/\/www.ampere.cars\/en\/news\/anne-catherine-brieux-appointed-vp-industrial-operations-of-ampere\/","name":"Anne-Catherine Brieux appointed VP Industrial Operations of Ampere - Ampere.cars","isPartOf":{"@id":"https:\/\/www.ampere.cars\/en\/#website"},"datePublished":"2024-07-26T11:24:54+00:00","dateModified":"2026-02-16T14:22:40+00:00","breadcrumb":{"@id":"https:\/\/www.ampere.cars\/en\/news\/anne-catherine-brieux-appointed-vp-industrial-operations-of-ampere\/#breadcrumb"},"inLanguage":"en-US","potentialAction":[{"@type":"ReadAction","target":["https:\/\/www.ampere.cars\/en\/news\/anne-catherine-brieux-appointed-vp-industrial-operations-of-ampere\/"]}]},{"@type":"BreadcrumbList","@id":"https:\/\/www.ampere.cars\/en\/news\/anne-catherine-brieux-appointed-vp-industrial-operations-of-ampere\/#breadcrumb","itemListElement":[{"@type":"ListItem","position":1,"name":"Home","item":"https:\/\/www.ampere.cars\/en\/"},{"@type":"ListItem","position":2,"name":"Ampere&#8217;s news","item":"https:\/\/www.ampere.cars\/en\/amperes-news\/"},{"@type":"ListItem","position":3,"name":"Anne-Catherine Brieux appointed VP Industrial Operations of Ampere"}]},{"@type":"WebSite","@id":"https:\/\/www.ampere.cars\/en\/#website","url":"https:\/\/www.ampere.cars\/en\/","name":"Ampere.cars","description":"","potentialAction":[{"@type":"SearchAction","target":{"@type":"EntryPoint","urlTemplate":"https:\/\/www.ampere.cars\/en\/?s={search_term_string}"},"query-input":"required name=search_term_string"}],"inLanguage":"en-US"}]}},"_links":{"self":[{"href":"https:\/\/www.ampere.cars\/en\/wp-json\/wp\/v2\/actualites\/5947"}],"collection":[{"href":"https:\/\/www.ampere.cars\/en\/wp-json\/wp\/v2\/actualites"}],"about":[{"href":"https:\/\/www.ampere.cars\/en\/wp-json\/wp\/v2\/types\/actualites"}],"wp:attachment":[{"href":"https:\/\/www.ampere.cars\/en\/wp-json\/wp\/v2\/media?parent=5947"}],"wp:term":[{"taxonomy":"actualite_thematique","embeddable":true,"href":"https:\/\/www.ampere.cars\/en\/wp-json\/wp\/v2\/actualite_thematique?post=5947"},{"taxonomy":"actualite_format","embeddable":true,"href":"https:\/\/www.ampere.cars\/en\/wp-json\/wp\/v2\/actualite_format?post=5947"},{"taxonomy":"actualite_annee","embeddable":true,"href":"https:\/\/www.ampere.cars\/en\/wp-json\/wp\/v2\/actualite_annee?post=5947"}],"curies":[{"name":"wp","href":"https:\/\/api.w.org\/{rel}","templated":true}]}}