{"id":5625,"date":"2024-03-25T10:06:33","date_gmt":"2024-03-25T09:06:33","guid":{"rendered":"https:\/\/www.ampere.cars\/?post_type=actualites&#038;p=5625"},"modified":"2026-02-16T15:22:48","modified_gmt":"2026-02-16T14:22:48","slug":"laying-of-the-fondation-stone-of-the-innovation-battery-cell-laboratory-at-the-lardy-technical-centre","status":"publish","type":"actualites","link":"https:\/\/www.ampere.cars\/en\/news\/laying-of-the-fondation-stone-of-the-innovation-battery-cell-laboratory-at-the-lardy-technical-centre\/","title":{"rendered":"Laying of the fondation stone of the Innovation Battery Cell Laboratory at the lardy technical centre"},"content":{"rendered":"\n\n<div id=\"acf-block-69932836858c3\" class=\"teq-container cp-herobanner-news relative anim-bg \" data-color=\"white\">\n    <div class=\"teq-row max-w cp-breadcrumb\" >\n                    <div class=\"breadcrumb col-12\">\n                <span><span><a href=\"https:\/\/www.ampere.cars\/en\/\">Home<\/a><\/span><\/span>            <\/div>\n            <\/div>\n    <div class=\"teq-row max-w container\">\n        <div class=\"col-12 col-lg-5 content relative\">\n                            <div class=\"mb-5\">\n                    <p class=\"text-uppercase wix w-400 txt-10 ls-2 thematics-date\">\n                        <span>\n                                                                                                                    <strong>Press release<\/strong>\n                                                    <\/span>\n\n                        <span class=\"separator\">&#8211;<\/span>\n\n                        <span>25.03.2024<\/span>\n                    <\/p>\n                <\/div>\n                                        <h1 class=\"title wix w-400 l-130 ls-9 text-uppercase\">\n                    Laying of the fondation stone of<br \/>\n<strong>the Innovation Battery Cell Laboratory <\/strong><br \/>\nat the lardy technical centre\n                <\/h1>\n                    <\/div>\n                    <div class=\"col-12 col-lg-7 img d-flex\">\n                <picture class=\"width-100\">\n                    <source media=\"(max-width: 767px)\"\n                            srcset=\"https:\/\/www.ampere.cars\/app\/uploads\/2023\/11\/MicrosoftTeams-image-4.jpg\"\/>\n                    <source media=\"(min-width: 768px)\"\n                            srcset=\"https:\/\/www.ampere.cars\/app\/uploads\/2023\/11\/MicrosoftTeams-image-4.jpg\"\/>\n                    <img decoding=\"async\" class=\"cover-img\"\n                         src=\"https:\/\/www.ampere.cars\/app\/uploads\/2023\/11\/MicrosoftTeams-image-4.jpg\"\n                         alt=\"logo ampere\"\/>\n                <\/picture>\n            <\/div>\n            <\/div>\n<\/div>\n\n\n\n\n\n  <div id=\"acf-block-69932836858e4\" class=\"cp-content teq-container white anim-bg  \" data-color=\"white\">\n    <div class=\"teq-row max-w d-flex  justify-center height-100 align-center\">\n        <div class=\"col-12 relative cp-wysiwyg col-lg-8\">\n        \n                        <div class=\"mt-0 \"><ul>\n<li><strong>Operational in 2025, this centre of excellence and innovation will enable prototyping and evaluation of battery cells and help anticipate technological breakthroughs.<\/strong><\/li>\n<li><strong>As a strategic tool and competitive factor, the laboratory will play a key role in the development of the next generations of electric vehicles of the Group\u2019s brands.<\/strong><\/li>\n<li><strong>With this Innovation Battery Cell Laboratory, Ampere strengthens its technological expertise and its mastery of the entire electric vehicle value chain.<\/strong><\/li>\n<\/ul>\n<\/div>\n                                        <\/div>\n\n    <\/div>\n  <\/div>\n\n\n\n  <div id=\"acf-block-6993283685902\" class=\"cp-content teq-container white anim-bg  \" data-color=\"white\">\n    <div class=\"teq-row max-w d-flex  justify-center height-100 align-center\">\n        <div class=\"col-12 relative cp-wysiwyg col-lg-8\">\n        \n                        <div class=\"mt-0 \"><p>Boulogne-Billancourt, 25 March 2024<\/p>\n<p>The construction of the Innovation Battery Cell Laboratory began this March at the Renault Group Technical Centre in Lardy, Essonne (France).<\/p>\n<p>The laboratory will be fully operational in the second half of 2025, playing a key role in supporting the development of the next generations of the Group\u2019s electric vehicles. It will be strategic to define the best compromise between performance, cost, durability and safety of our future batteries and anticipate technological advances in the field of cells.<\/p>\n<p>It will strengthen the expertise of Renault Group and its subsidiary Ampere in evaluating the processes of cell suppliers: identifying technological innovations and ensuring optimal quality and production levels, while controlling costs.<\/p>\n<p>With a surface area of 3,000 m<sup>2<\/sup>, on two levels, the building will house more than 120 equipments including a 600 m\u00b2 anhydrous laboratory room; It will cover two complementary activities:<\/p>\n<ul>\n<li>A first activity of prototyping cells<\/li>\n<li>And a second electro-physico-chemical characterization activity allowing the evaluation of the performances and the behavior of the cells (durability, fast charge, disassembly and internal analysis of the cells, understanding of the mechanisms, etc.)<\/li>\n<\/ul>\n<\/div>\n                                        <\/div>\n\n    <\/div>\n  <\/div>\n\n\n\n<div class=\"cp-testimony  teq-container anim-bg\" data-color=\"black\" id=\"acf-block-699328368591f\">\n    <div class=\"teq-row max-w\">\n        <div class=\"col-12 col-lg-10 offset-lg-1 top\">\n            <div class=\"illust\">\n                            <\/div>\n            <div class=\"citation\">\n                <blockquote>\n                    <div class=\"quote\">\n                        <svg class=\"quote-icon\" aria-hidden=\"true\" focusable=\"false\" xmlns=\"http:\/\/www.w3.org\/2000\/svg\" width=\"17\" height=\"11\" viewBox=\"0 0 17 11\" fill=\"none\">\n                            <path d=\"M0 11L2.14668 0H7.32398L4.20918 11H0ZM9.17602 11L11.3227 0H16.5L13.3852 11H9.17602Z\" fill=\"#E0D4CF\"\/>\n                        <\/svg>\n                                                    <div class=\"text-to-share\">\n                                <blockquote><p>The Innovation Battery Cell Laboratory will be a major asset for Ampere. It will contribute to the control of the electric vehicle value chain at a time when expertise in terms of battery technologies is a real factor of competitiveness.<\/p><\/blockquote>\n                            <\/div>\n                                            <\/div>\n                    <div class=\"author-job\">\n                        <p class=\"autor-to-share wix\">\n                                                            Philippe  Brunet <span class='job'><span class='separator'>&#8211;<\/span>SVP Powertrain &#038; EV Engineering \u2013 Ampere<\/span>                                                    <\/p>\n                    <\/div>\n                <\/blockquote>\n            <\/div>\n        <\/div>\n    <\/div>\n    <div class=\"teq-row max-w\">\n        <div class=\"col-12 col-lg-10 offset-lg-1 bottom\">\n            \n                            <div class=\"sharing-c\">\n                    <div class=\"sharing-inner relative\" aria-label=\"Share this quote\">\n                        <div class=\"share-cta d-flex align-center gap-4 txt-12 wix c-gs-100 w-600 wix\">\n                            <svg class=\"icon-share-thin\">\n                                <use xlink:href=\"#icon-share-thin\"><\/use>\n                            <\/svg>\n                                                            <span>Share on<\/span>\n                                                    <\/div>\n                        <div class=\"share-list\">\n                            <div class=\"d-flex align-center\">\n                                                                                                        <a target=\"_blank\" \n                                       href=\"https:\/\/twitter.com\/intent\/tweet?url=https%3A%2F%2Fwww.ampere.cars%2Fen%2Fnews%2Flaying-of-the-fondation-stone-of-the-innovation-battery-cell-laboratory-at-the-lardy-technical-centre%2F&#038;text=%22The+Innovation+Battery+Cell+Laboratory+will+be+a+major+asset+for+Ampere.+It+will+contribute+to+the+control+of+the+electric+vehicle+value+chain+at+a+time+when+expertise+in+terms+of+batte%22++Philippe++Brunet+-+SVP+Powertrain+%26+EV+Engineering+%E2%80%93+Ampere\"\n                                       onclick=\"window.open(this.href, 'mywin', 'left=20,top=20,width=500,height=500,toolbar=1,resizable=0'); return false;\" \n                                       class=\"txt-0 share-btn\"\n                                       tabindex=\"-1\"                                       \n                                       aria-label=\"Share this quote on twitter\">\n                                        <svg class=\"icon-x\">\n                                            <use xlink:href=\"#icon-x\"><\/use>\n                                        <\/svg>\n                                    <\/a>\n                                                                    <a  href=\"https:\/\/www.linkedin.com\/sharing\/share-offsite\/?url=https:\/\/www.ampere.cars\/en\/news\/laying-of-the-fondation-stone-of-the-innovation-battery-cell-laboratory-at-the-lardy-technical-centre\/#acf-block-699328368591f\" \n                                        onclick=\"window.open(this.href, 'mywin', 'left=20,top=20,width=500,height=500,toolbar=1,resizable=0'); return false;\" \n                                        class=\"txt-0 share-btn\"\n                                        tabindex=\"-1\"                                        \n                                        aria-label=\"Share this page on linkedin\">\n                                        <svg class=\"icon-linkedin\">\n                                            <use xlink:href=\"#icon-linkedin\"><\/use>\n                                        <\/svg>\n                                    <\/a>\n                                                                    <button role=\"button\" class=\"cta-copy share-btn\" tabindex=\"-1\" aria-label=\"Copy link page on clipboard\" data-url=\"acf-block-699328368591f\">\n                                        <svg class=\"icon-copy\">\n                                            <use xlink:href=\"#icon-copy\"><\/use>\n                                        <\/svg>\n                                        <span class=\"info\">Copied<\/span>\n                                    <\/button>\n                                                            <\/div>\n                        <\/div>\n                    <\/div>\n                <\/div>\n                    <\/div>\n    <\/div>\n<\/div>\n\n\n\n  <div id=\"acf-block-6993283685934\" class=\"cp-content teq-container white anim-bg  \" data-color=\"white\">\n    <div class=\"teq-row max-w d-flex  justify-center height-100 align-center\">\n        <div class=\"col-12 relative cp-wysiwyg col-lg-8\">\n        \n                        <div class=\"mt-0 \"><blockquote><p>\u201cThe realization of this tool, at the forefront of innovation in equipment, represents a challenge for the teams of the Group\u2019s Testing Department. The Innovation Battery Cell Laboratory has all the new test technologies and equipment to integrate advances and anticipate battery chemistry.\u201d <\/p><\/blockquote>\n<p><strong>SABINE CALVO \u2013 VP ENGINEERING PERFORMANCE, REGULATION, VALIDATIONS &amp; DIGITAL TRANSFORMATION \u2013 RENAULT GROUP<\/strong><\/p>\n<p><sup>photo credit: Augustin Detienne<\/sup><\/p>\n<\/div>\n                                        <\/div>\n\n    <\/div>\n  <\/div>\n\n\n\n<div id=\"acf-block-6993283685949\" class=\"teq-container cp-home-slider anim-bg anim-overlay a11y-img \" data-color=\"black\">\n    <div class=\"teq-row max-w column row-lg pl-lg-0 ml-lg-0 container\">\n                <div class=\"col-12 col-lg-8 pl-lg-0 relative left\">\n            <div class=\"swiper slider-c\" data-autoplay=\"false\" data-nb-slides-desktop=\"1\" data-nb-slides-tablet=\"1\" data-nb-slides-mobile=\"1\" data-space-mobile=\"8\">\n                                <div class=\"swiper-wrapper  custom-cursor cursor-drag\">\n                                            <div class=\"swiper-slide\">\n                            <figure class=\"relative mb-0\">\n                                <img decoding=\"async\" src=\"https:\/\/www.ampere.cars\/app\/uploads\/2024\/03\/Visuel-Labo_avec-copyright.jpg\" alt=\"Laboratoire Innovation Cellule Batterie au Centre Technique Lardy ampere\">\n                                <figcaption class=\"txt-10 w-400 wix l-130 ls-3 text-uppercase text-center absolute legend c-black\"><\/figcaption>\n                            <\/figure>\n                        <\/div>\n                                            <div class=\"swiper-slide\">\n                            <figure class=\"relative mb-0\">\n                                <img decoding=\"async\" src=\"https:\/\/www.ampere.cars\/app\/uploads\/2024\/03\/1711455917156.jpg\" alt=\"Laboratoire Innovation Cellule Batterie au Centre Technique Lardy ampere\">\n                                <figcaption class=\"txt-10 w-400 wix l-130 ls-3 text-uppercase text-center absolute legend c-black\"><\/figcaption>\n                            <\/figure>\n                        <\/div>\n                                    <\/div>\n                                <div class=\"d-flex justify-center align-center swiper-pagination \"><\/div>\n            <\/div>\n            <div class=\"container-gradient absolute\"><\/div>\n        <\/div>\n                    <div class=\"col-12 col-lg-3 offset-lg-1 mt-5 mt-lg-7 right relative\">\n                            <\/div>\n        \n    <\/div>\n<\/div>\n\n\n\n\n\n<div id=\"acf-block-699328368595d\" class=\"cp-upload teq-container pt-10 pt-lg-11 anim-bg bg-c-black \" data-color=\"black\">\n  <div class=\"teq-row max-w\">\n          <h3 class=\"txt-22 ls-8 l-120 w-400 wix text-uppercase col-12 col-lg-5 c-txt-white animShowText\" data-from=\"bottom\">\n        <p>Downloadable<br \/>\n<strong>document<\/strong><\/p>\n      <\/h3>\n        \n        <div class=\"docs-wrapper col-12 mt-4 mt-lg-6\">\n          <div class=\"docs-wrapper-inner solo teq-row\">\n\n                                    <div class=\"d-grid doc col-6\">\n                          <div class=\"doc-inner py-3 px-3 bg-c-gs-upload d-flex align-center gap-24 relative height-auto\">\n                            <a\n                              aria-label=\"Download the pdf (203 Ko) : Laying of the fondation stone of the Innovation Battery Cell Laboratory at the lardy technical centre\"\n                              class=\"stretched-link width-100 height-100 absolute inset-0 js-open-pop-download\"\n                              href=\"https:\/\/www.ampere.cars\/app\/uploads\/2024\/03\/EN-2024-03-25-Ampere-CP-Laying-of-the-fondation-stone-of-the-Innovation-Battery-Cell-Laboratory.pdf\"\n                              target=\"\"\n                                                            data-title=\"Laying of the fondation stone of the Innovation Battery Cell Laboratory at the lardy technical centre\"\n                              data-size=\"PDF (203 Ko)\"                              download\n                              >\n                            <\/a>\n                                                          <svg class=\"doc-img icon-doc-file\">\n                                <use xlink:href=\"#icon-doc-file\"><\/use>\n                              <\/svg>\n                            \n                            <div class=\"content width-100 d-flex justify-center column height-100\">\n                                                              <p class=\"c-txt-white txt-10 ls-2 wix text-uppercase w-700\">Press Release<\/p>\n                                                            <p class=\" c-txt-white txt-15 w-300 mt-2\">Laying of the fondation stone of the Innovation Battery Cell Laboratory at the lardy technical centre<\/p>\n                                <div class=\"file d-flex align-center justify-between width-100 mt-3 mt-lg-auto gap-30\">\n                                                                      <p class=\"txt-10 w-400 wix text-uppercase c-white link\">pdf (203 Ko)<\/p>\n                                                                    <div class=\"small-ico d-flex align-center justify-center\">\n                                    <svg class=\"icon-download\">\n                                      <use xlink:href=\"#icon-download\"><\/use>\n                                    <\/svg>\n                                  <\/div>\n                                <\/div>\n                            <\/div>\n                          <\/div>\n                      <\/div>\n                \n          <\/div>\n        <\/div>\n  <\/div>\n\n    <div class=\"pop-download\" data-pop-download role=\"dialog\" aria-modal=\"true\" aria-hidden=\"true\">\n    <div class=\"inner\">\n      <h4 class=\"mb-3 text-uppercase\">Download conditions<\/h4>\n      <div class=\"text\">\n        Tous les contenus du site (et notamment les photographies, les textes, les vid\u00e9os, les images et les marques vis\u00e9es) sont la propri\u00e9t\u00e9 de Renault SAS, et\/ou celle de ses filiales ou de tiers ayant autoris\u00e9 Renault SAS \u00e0 les utiliser. Ces contenus sont mis \u00e0 disposition des tiers pour une utilisation \u00e0 des fins exclusivement \u00e9ditoriales. Leur utilisation \u00e0 des fins commerciales et notamment pour des besoins marketing ou publicitaires est strictement interdite et passible de sanctions.      <\/div>\n      <div class=\"input mt-2\">\n        <label class=\"d-flex align-center\">\n          <input type=\"checkbox\" class=\"mr-1\" data-pop-download-check>\n          I accept the download conditions        <\/label>\n      <\/div>\n      <div class=\"dwl-c d-flex mt-4\" data-pop-download-dwlc>\n        <a href=\"#\" class=\"mr-2 btn-ampere no-change width-fit\" data-pop-download-cta><\/a>\n      <\/div>\n      <button type=\"button\" class=\"close\" data-pop-download-close aria-label=\"Fermer\">\n        <svg width=\"48\" height=\"48\" viewBox=\"0 0 48 48\" fill=\"none\" xmlns=\"http:\/\/www.w3.org\/2000\/svg\">\n          <circle cx=\"24\" cy=\"24\" r=\"24\" fill=\"#1E1E1E\"\/>\n          <path fill-rule=\"evenodd\" clip-rule=\"evenodd\"\n                d=\"M31.0286 18.0322L29.9466 16.9502L23.9964 22.9003L18.0498 16.9537L16.9678 18.0357L22.9144 23.9823L16.9583 29.9384L18.0403 31.0204L23.9964 25.0643L29.9506 31.0185L31.0326 29.9365L25.0784 23.9823L31.0286 18.0322Z\"\n                fill=\"#FAFAFA\"\/>\n        <\/svg>\n      <\/button>\n    <\/div>\n  <\/div>\n  <\/div>\n\n\n\n\n\n  <div id=\"acf-block-6993204e38c3b\" class=\"cp-content teq-container black anim-bg  \" data-color=\"black\">\n    <div class=\"teq-row max-w d-flex  justify-center height-100 align-center\">\n        <div class=\"col-12 relative cp-wysiwyg col-lg-8\">\n        \n            <h3 class=\"mb-3 txt-22 ls-9  l-120 title w-400 wix text-uppercase animShowText\" data-from=\"bottom\">\n                <p><strong>Terms of Use and Download<\/strong><\/p>\n            <\/h3>\n\n        \n                        <div class=\"mt-0 \"><p><em>The content available on this website (including but not limited to texts, images, photographs, videos and audio materials) is the property of the companies of Renault Group and\/or of third parties who have authorized its use. This content is made available exclusively for non\u2011commercial editorial use. Journalists, influencers and media professionals may use this content as sources for the creation of their own editorial materials, provided that such materials do not have any commercial character.<\/em><\/p>\n<p><em>Any use for commercial, marketing, advertising or promotional purposes, including on social media, is strictly prohibited.<\/em><\/p>\n<p><em>The use of this content is subject to these terms as well as to the legal notices of the website, which the user acknowledges having read and accepted.<\/em><\/p>\n<\/div>\n                                        <\/div>\n\n    <\/div>\n  <\/div>\n\n\n\n  <div id=\"acf-block-6993283685973\" class=\"cp-content teq-container white anim-bg  \" data-color=\"white\">\n    <div class=\"teq-row max-w d-flex  justify-center height-100 align-center\">\n        <div class=\"col-12 relative cp-wysiwyg col-lg-8\">\n        \n                        <div class=\"mt-0 \"><h2>Contact<\/h2>\n<p class=\"name\">Olivia Bireaud &#8211; Communication manager Ing\u00e9nierie Ampere<\/p>\n<p><a style=\"color: #000000;\" href=\"mailto:olivia.bireaud@renault.com\" target=\"_blank\" rel=\"noopener\">olivia.bireaud@renault.com <\/a><\/p>\n<p><span class=\"ui-provider ed awq awr aws awt awu awv aww awx awy awz axa axb axc axd axe axf axg axh axi axj axk axl axm axn axo axp axq axr axs axt axu axv axw axx\" dir=\"ltr\"><a style=\"color: #000000;\" title=\"tel:+33 6.71.63.25.71\" target=\"_blank\" rel=\"noreferrer noopener\">+33 6.71.63.25.71<\/a><\/span><\/p>\n<p>&nbsp;<\/p>\n<p><strong>&gt;&gt; Subscribe to the newsletter by clicking <a style=\"color: #000000;\" href=\"https:\/\/newsletter.ampere.cars\/?lang=eng\" target=\"_blank\" rel=\"noopener\">here<\/a>.<\/strong><\/p>\n<\/div>\n                                        <\/div>\n\n    <\/div>\n  <\/div>\n\n\n\n<div id=\"block_74d9031a68d9838833c7c570fc23dd93\" class=\"teq-container cp-mesh anim-bg \" data-color=\"white\">\n            <div class=\"teq-row max-w mb-3 mb-lg-6\">\n            <div class=\"col-12\">\n                <h3 class=\"txt-22 wix w-400 l-120 ls-9 text-uppercase animShowText\" data-from=\"bottom\">\n                    <p>CONTINUE<br \/>\n<strong>EXPLORING<\/strong><\/p>\n                <\/h3>\n            <\/div>\n        <\/div>\n            <ul aria-label=\"Other pages of Amp\u00e8re\" class=\"teq-row max-w colum row-lg justify-center\">\n                            <li class=\"col-12 col-lg-4 mb-5 mb-lg-0\">\n                    <div class=\"relative width-100 height-100 relative\">\n                                                    <div class=\"picture\">\n                                <img decoding=\"async\" class=\"d-flex width-100 height-auto\" src=\"https:\/\/www.ampere.cars\/app\/uploads\/2023\/11\/header-designed-lead.jpg\" alt=\"ampere\">\n                            <\/div>\n                                                                            <a class=\"txt-14 w-700 wix l-120 ls-6 text-uppercase stretched-link mt-2 mt-lg-3 c-black\" href=\"https:\/\/www.ampere.cars\/en\/about-ampere\/\" target=\"\">\n                                Who we are                            <\/a>\n                                            <\/div>\n                <\/li>\n                            <li class=\"col-12 col-lg-4 mb-5 mb-lg-0\">\n                    <div class=\"relative width-100 height-100 relative\">\n                                                    <div class=\"picture\">\n                                <img decoding=\"async\" class=\"d-flex width-100 height-auto\" src=\"https:\/\/www.ampere.cars\/app\/uploads\/2023\/11\/Visuel-rebond-what.jpg\" alt=\"Visuel rebond what\">\n                            <\/div>\n                                                                            <a class=\"txt-14 w-700 wix l-120 ls-6 text-uppercase stretched-link mt-2 mt-lg-3 c-black\" href=\"https:\/\/www.ampere.cars\/en\/what-we-do\/\" target=\"\">\n                                What we do                            <\/a>\n                                            <\/div>\n                <\/li>\n                            <li class=\"col-12 col-lg-4 mb-5 mb-lg-0\">\n                    <div class=\"relative width-100 height-100 relative\">\n                                                    <div class=\"picture\">\n                                <img decoding=\"async\" class=\"d-flex width-100 height-auto\" src=\"https:\/\/www.ampere.cars\/app\/uploads\/2023\/11\/Nouveau-projet-22.jpg\" alt=\"cmd ampere\">\n                            <\/div>\n                                                                            <a class=\"txt-14 w-700 wix l-120 ls-6 text-uppercase stretched-link mt-2 mt-lg-3 c-black\" href=\"https:\/\/www.ampere.cars\/en\/amperes-news\/\" target=\"\">\n                                News                            <\/a>\n                                            <\/div>\n                <\/li>\n                    <\/ul>\n    <\/div>\n\n","protected":false},"menu_order":0,"template":"","actualite_thematique":[],"actualite_format":[38],"actualite_annee":[],"acf":[],"yoast_head":"<!-- This site is optimized with the Yoast SEO plugin v21.2 - https:\/\/yoast.com\/wordpress\/plugins\/seo\/ -->\n<title>Laying of the fondation stone of the Innovation Battery Cell Laboratory at the lardy technical centre - Ampere.cars<\/title>\n<meta name=\"robots\" content=\"index, follow, max-snippet:-1, max-image-preview:large, max-video-preview:-1\" \/>\n<link rel=\"canonical\" href=\"https:\/\/www.ampere.cars\/en\/news\/laying-of-the-fondation-stone-of-the-innovation-battery-cell-laboratory-at-the-lardy-technical-centre\/\" \/>\n<meta property=\"og:locale\" content=\"en_US\" \/>\n<meta property=\"og:type\" content=\"article\" \/>\n<meta property=\"og:title\" content=\"Laying of the fondation stone of the Innovation Battery Cell Laboratory at the lardy technical centre - Ampere.cars\" \/>\n<meta property=\"og:url\" content=\"https:\/\/www.ampere.cars\/en\/news\/laying-of-the-fondation-stone-of-the-innovation-battery-cell-laboratory-at-the-lardy-technical-centre\/\" \/>\n<meta property=\"og:site_name\" content=\"Ampere.cars\" \/>\n<meta property=\"article:modified_time\" content=\"2026-02-16T14:22:48+00:00\" \/>\n<meta name=\"twitter:card\" content=\"summary_large_image\" \/>\n<script type=\"application\/ld+json\" class=\"yoast-schema-graph\">{\"@context\":\"https:\/\/schema.org\",\"@graph\":[{\"@type\":\"WebPage\",\"@id\":\"https:\/\/www.ampere.cars\/en\/news\/laying-of-the-fondation-stone-of-the-innovation-battery-cell-laboratory-at-the-lardy-technical-centre\/\",\"url\":\"https:\/\/www.ampere.cars\/en\/news\/laying-of-the-fondation-stone-of-the-innovation-battery-cell-laboratory-at-the-lardy-technical-centre\/\",\"name\":\"Laying of the fondation stone of the Innovation Battery Cell Laboratory at the lardy technical centre - Ampere.cars\",\"isPartOf\":{\"@id\":\"https:\/\/www.ampere.cars\/en\/#website\"},\"datePublished\":\"2024-03-25T09:06:33+00:00\",\"dateModified\":\"2026-02-16T14:22:48+00:00\",\"breadcrumb\":{\"@id\":\"https:\/\/www.ampere.cars\/en\/news\/laying-of-the-fondation-stone-of-the-innovation-battery-cell-laboratory-at-the-lardy-technical-centre\/#breadcrumb\"},\"inLanguage\":\"en-US\",\"potentialAction\":[{\"@type\":\"ReadAction\",\"target\":[\"https:\/\/www.ampere.cars\/en\/news\/laying-of-the-fondation-stone-of-the-innovation-battery-cell-laboratory-at-the-lardy-technical-centre\/\"]}]},{\"@type\":\"BreadcrumbList\",\"@id\":\"https:\/\/www.ampere.cars\/en\/news\/laying-of-the-fondation-stone-of-the-innovation-battery-cell-laboratory-at-the-lardy-technical-centre\/#breadcrumb\",\"itemListElement\":[{\"@type\":\"ListItem\",\"position\":1,\"name\":\"Home\",\"item\":\"https:\/\/www.ampere.cars\/en\/\"},{\"@type\":\"ListItem\",\"position\":2,\"name\":\"Ampere&#8217;s news\",\"item\":\"https:\/\/www.ampere.cars\/en\/amperes-news\/\"},{\"@type\":\"ListItem\",\"position\":3,\"name\":\"Laying of the fondation stone of the Innovation Battery Cell Laboratory at the lardy technical centre\"}]},{\"@type\":\"WebSite\",\"@id\":\"https:\/\/www.ampere.cars\/en\/#website\",\"url\":\"https:\/\/www.ampere.cars\/en\/\",\"name\":\"Ampere.cars\",\"description\":\"\",\"potentialAction\":[{\"@type\":\"SearchAction\",\"target\":{\"@type\":\"EntryPoint\",\"urlTemplate\":\"https:\/\/www.ampere.cars\/en\/?s={search_term_string}\"},\"query-input\":\"required name=search_term_string\"}],\"inLanguage\":\"en-US\"}]}<\/script>\n<!-- \/ Yoast SEO plugin. -->","yoast_head_json":{"title":"Laying of the fondation stone of the Innovation Battery Cell Laboratory at the lardy technical centre - Ampere.cars","robots":{"index":"index","follow":"follow","max-snippet":"max-snippet:-1","max-image-preview":"max-image-preview:large","max-video-preview":"max-video-preview:-1"},"canonical":"https:\/\/www.ampere.cars\/en\/news\/laying-of-the-fondation-stone-of-the-innovation-battery-cell-laboratory-at-the-lardy-technical-centre\/","og_locale":"en_US","og_type":"article","og_title":"Laying of the fondation stone of the Innovation Battery Cell Laboratory at the lardy technical centre - Ampere.cars","og_url":"https:\/\/www.ampere.cars\/en\/news\/laying-of-the-fondation-stone-of-the-innovation-battery-cell-laboratory-at-the-lardy-technical-centre\/","og_site_name":"Ampere.cars","article_modified_time":"2026-02-16T14:22:48+00:00","twitter_card":"summary_large_image","schema":{"@context":"https:\/\/schema.org","@graph":[{"@type":"WebPage","@id":"https:\/\/www.ampere.cars\/en\/news\/laying-of-the-fondation-stone-of-the-innovation-battery-cell-laboratory-at-the-lardy-technical-centre\/","url":"https:\/\/www.ampere.cars\/en\/news\/laying-of-the-fondation-stone-of-the-innovation-battery-cell-laboratory-at-the-lardy-technical-centre\/","name":"Laying of the fondation stone of the Innovation Battery Cell Laboratory at the lardy technical centre - Ampere.cars","isPartOf":{"@id":"https:\/\/www.ampere.cars\/en\/#website"},"datePublished":"2024-03-25T09:06:33+00:00","dateModified":"2026-02-16T14:22:48+00:00","breadcrumb":{"@id":"https:\/\/www.ampere.cars\/en\/news\/laying-of-the-fondation-stone-of-the-innovation-battery-cell-laboratory-at-the-lardy-technical-centre\/#breadcrumb"},"inLanguage":"en-US","potentialAction":[{"@type":"ReadAction","target":["https:\/\/www.ampere.cars\/en\/news\/laying-of-the-fondation-stone-of-the-innovation-battery-cell-laboratory-at-the-lardy-technical-centre\/"]}]},{"@type":"BreadcrumbList","@id":"https:\/\/www.ampere.cars\/en\/news\/laying-of-the-fondation-stone-of-the-innovation-battery-cell-laboratory-at-the-lardy-technical-centre\/#breadcrumb","itemListElement":[{"@type":"ListItem","position":1,"name":"Home","item":"https:\/\/www.ampere.cars\/en\/"},{"@type":"ListItem","position":2,"name":"Ampere&#8217;s news","item":"https:\/\/www.ampere.cars\/en\/amperes-news\/"},{"@type":"ListItem","position":3,"name":"Laying of the fondation stone of the Innovation Battery Cell Laboratory at the lardy technical centre"}]},{"@type":"WebSite","@id":"https:\/\/www.ampere.cars\/en\/#website","url":"https:\/\/www.ampere.cars\/en\/","name":"Ampere.cars","description":"","potentialAction":[{"@type":"SearchAction","target":{"@type":"EntryPoint","urlTemplate":"https:\/\/www.ampere.cars\/en\/?s={search_term_string}"},"query-input":"required name=search_term_string"}],"inLanguage":"en-US"}]}},"_links":{"self":[{"href":"https:\/\/www.ampere.cars\/en\/wp-json\/wp\/v2\/actualites\/5625"}],"collection":[{"href":"https:\/\/www.ampere.cars\/en\/wp-json\/wp\/v2\/actualites"}],"about":[{"href":"https:\/\/www.ampere.cars\/en\/wp-json\/wp\/v2\/types\/actualites"}],"wp:attachment":[{"href":"https:\/\/www.ampere.cars\/en\/wp-json\/wp\/v2\/media?parent=5625"}],"wp:term":[{"taxonomy":"actualite_thematique","embeddable":true,"href":"https:\/\/www.ampere.cars\/en\/wp-json\/wp\/v2\/actualite_thematique?post=5625"},{"taxonomy":"actualite_format","embeddable":true,"href":"https:\/\/www.ampere.cars\/en\/wp-json\/wp\/v2\/actualite_format?post=5625"},{"taxonomy":"actualite_annee","embeddable":true,"href":"https:\/\/www.ampere.cars\/en\/wp-json\/wp\/v2\/actualite_annee?post=5625"}],"curies":[{"name":"wp","href":"https:\/\/api.w.org\/{rel}","templated":true}]}}