{"id":5438,"date":"2023-11-08T16:37:00","date_gmt":"2023-11-08T15:37:00","guid":{"rendered":"https:\/\/www.ampere.cars\/?post_type=actualites&#038;p=5438"},"modified":"2026-02-16T15:22:57","modified_gmt":"2026-02-16T14:22:57","slug":"ampere-has-been-launched-becoming-the-first-european-ev-and-software-pure-player","status":"publish","type":"actualites","link":"https:\/\/www.ampere.cars\/en\/news\/ampere-has-been-launched-becoming-the-first-european-ev-and-software-pure-player\/","title":{"rendered":"Ampere has been launched becoming the first European EV and software pure player"},"content":{"rendered":"\n\n<div id=\"acf-block-695e5af9b2fe8\" class=\"teq-container cp-herobanner-news relative anim-bg \" data-color=\"white\">\n    <div class=\"teq-row max-w cp-breadcrumb\" >\n                    <div class=\"breadcrumb col-12\">\n                <span><span><a href=\"https:\/\/www.ampere.cars\/en\/\">Home<\/a><\/span><\/span>            <\/div>\n            <\/div>\n    <div class=\"teq-row max-w container\">\n        <div class=\"col-12 col-lg-5 content relative\">\n                            <div class=\"mb-5\">\n                    <p class=\"text-uppercase wix w-400 txt-10 ls-2 thematics-date\">\n                        <span>\n                                                                                                                    <strong>Press release<\/strong>\n                                                    <\/span>\n\n                        <span class=\"separator\">&#8211;<\/span>\n\n                        <span>08.11.2023<\/span>\n                    <\/p>\n                <\/div>\n                                        <h1 class=\"title wix w-400 l-130 ls-9 text-uppercase\">\n                    Ampere, the European challenger:<br \/>\n<strong>a story of tech and EV excellence to foster sustainable growth<\/strong>\n                <\/h1>\n                    <\/div>\n                    <div class=\"col-12 col-lg-7 img d-flex\">\n                <picture class=\"width-100\">\n                    <source media=\"(max-width: 767px)\"\n                            srcset=\"https:\/\/www.ampere.cars\/app\/uploads\/2023\/11\/MicrosoftTeams-image-4.jpg\"\/>\n                    <source media=\"(min-width: 768px)\"\n                            srcset=\"https:\/\/www.ampere.cars\/app\/uploads\/2023\/11\/MicrosoftTeams-image-4.jpg\"\/>\n                    <img decoding=\"async\" class=\"cover-img\"\n                         src=\"https:\/\/www.ampere.cars\/app\/uploads\/2023\/11\/MicrosoftTeams-image-4.jpg\"\n                         alt=\"logo ampere\"\/>\n                <\/picture>\n            <\/div>\n            <\/div>\n<\/div>\n\n\n\n\n\n  <div id=\"acf-block-695e5af9b3007\" class=\"cp-content teq-container white anim-bg  \" data-color=\"white\">\n    <div class=\"teq-row max-w d-flex  justify-center height-100 align-center\">\n        <div class=\"col-12 relative cp-wysiwyg col-lg-8\">\n        \n                        <div class=\"mt-0 \"><ul>\n<li><strong>Initiated as part of the Renault Group\u2019s Renaulution strategic plan, Ampere embodies the Revolution chapter of the plan, establishing a new business model.<\/strong><\/li>\n<li><strong>Specializing in electric vehicles and software, Ampere combines 15\u00a0years of expertise in electric vehicles with an agile, innovation-oriented organization.<\/strong><\/li>\n<li><strong>Headed by Luca de Meo, CEO of Ampere, the leadership team gathers multiple experience, both in France and around the world.<\/strong><\/li>\n<\/ul>\n<\/div>\n                                        <\/div>\n\n    <\/div>\n  <\/div>\n\n\n\n  <div id=\"acf-block-695e5af9b3029\" class=\"cp-content teq-container white anim-bg  \" data-color=\"white\">\n    <div class=\"teq-row max-w d-flex  justify-center height-100 align-center\">\n        <div class=\"col-12 relative cp-wysiwyg col-lg-8\">\n        \n                        <div class=\"mt-0 \"><p>Boulogne-Billancourt, November 8, 2023.<\/p>\n<p>A clear illustration of Revolution, the third chapter in Renault Group\u2019s strategic plan, Ampere has been launched becoming the first European EV and software pure player. The effective date for the creation of the company is November\u00a01<sup>st<\/sup>, 2023.<\/p>\n<p>To tackle the challenges and take advantage of the opportunities arising from the transformation of the automotive industry as well as face up to major climate concerns, Renault Group created Ampere, a new model of automotive company, aiming to become the European leader in the high-growth market of electric vehicles. Driven by tech, Ampere develops a horizontal model to be more agile and innovate faster. The objective is to democratize EVs in Europe, with vehicles that people can afford. Ampere will build on 15\u00a0years expertise in electric vehicles and combines an agile and efficient organisation to design fully electric vehicles for the European market, providing a unique customer experience.<\/p>\n<p>Ampere was set up with a roadmap to integrate ESG throughout its value chain \u2013 in the products and services developed by the company, but also in its processes, creating a low-carbon circular economy.<\/p>\n<p>The industrial and technological project pursued by Ampere strongly resonates in the European market, where Renault Group originated. It boasts a unique range of skills as well as a solid industrial and technological ecosystem that safeguards the entire value chain. Ampere operates 11 sites in France, among which four industrial facilities: ElectriCity facility which includes Douai, Maubeuge and Ruitz plants; and the Cl\u00e9on factory.<\/p>\n<p>The company employs over 11,000\u00a0people -35% of whom are engineers- who design, develop, manufacture and market high-performance, safe and sustainable vehicles under the Renault brand. Together, they pool all their efforts to bring about this large-scale transition to electric mobility.<\/p>\n<\/div>\n                                        <\/div>\n\n    <\/div>\n  <\/div>\n\n\n\n<div class=\"cp-testimony  teq-container anim-bg\" data-color=\"black\" id=\"acf-block-695e5af9b304b\">\n    <div class=\"teq-row max-w\">\n        <div class=\"col-12 col-lg-10 offset-lg-1 top\">\n            <div class=\"illust\">\n                            <\/div>\n            <div class=\"citation\">\n                <blockquote>\n                    <div class=\"quote\">\n                        <svg class=\"quote-icon\" aria-hidden=\"true\" focusable=\"false\" xmlns=\"http:\/\/www.w3.org\/2000\/svg\" width=\"17\" height=\"11\" viewBox=\"0 0 17 11\" fill=\"none\">\n                            <path d=\"M0 11L2.14668 0H7.32398L4.20918 11H0ZM9.17602 11L11.3227 0H16.5L13.3852 11H9.17602Z\" fill=\"#E0D4CF\"\/>\n                        <\/svg>\n                                                    <div class=\"text-to-share\">\n                                <p>Creating a new model of company specialising in electric vehicles and software running as of today:\u00a0<strong>How better to illustrate our revolution and the boldness of our teams<\/strong>?\u00a0<strong>Instil\u00a0<\/strong>a sustainable corporate vision and ensure it is reflected in each and every process and product.\u00a0<strong>Build on\u00a0<\/strong>the Group\u2019s strengths and review the way we do everything.\u00a0<strong>Form\u00a0<\/strong>a tight-knit team and work for the collective.\u00a0<strong>Harness\u00a0<\/strong>our French roots and become the leader in Europe.\u00a0<strong>Assert\u00a0<\/strong>our commitment to our customers, our planet and those living on it. The roadmap pursued by Ampere reflects the Group\u2019s challenging ambitions and I am extremely proud to launch this major step forwards<\/p>\n                            <\/div>\n                                            <\/div>\n                    <div class=\"author-job\">\n                        <p class=\"autor-to-share wix\">\n                                                            Luca De meo <span class='job'><span class='separator'>&#8211;<\/span>CEO Ampere and Renault Group<\/span>                                                    <\/p>\n                    <\/div>\n                <\/blockquote>\n            <\/div>\n        <\/div>\n    <\/div>\n    <div class=\"teq-row max-w\">\n        <div class=\"col-12 col-lg-10 offset-lg-1 bottom\">\n            \n                            <div class=\"sharing-c\">\n                    <div class=\"sharing-inner relative\" aria-label=\"Share this quote\">\n                        <div class=\"share-cta d-flex align-center gap-4 txt-12 wix c-gs-100 w-600 wix\">\n                            <svg class=\"icon-share-thin\">\n                                <use xlink:href=\"#icon-share-thin\"><\/use>\n                            <\/svg>\n                                                            <span>Share<\/span>\n                                                    <\/div>\n                        <div class=\"share-list\">\n                            <div class=\"d-flex align-center\">\n                                                                                                        <a target=\"_blank\" \n                                       href=\"https:\/\/twitter.com\/intent\/tweet?url=https%3A%2F%2Fwww.ampere.cars%2Fen%2Fnews%2Fampere-has-been-launched-becoming-the-first-european-ev-and-software-pure-player%2F&#038;text=%22Creating+a+new+model+of+company+specialising+in+electric+vehicles+and+software+running+as+of+today%3A%C2%A0How+better+to+illustrate+our+revolution+and+the+boldness+of+our+teams%3F%C2%A0%22++Luca+De+meo+-+CEO+Ampere+and+Renault+Group\"\n                                       onclick=\"window.open(this.href, 'mywin', 'left=20,top=20,width=500,height=500,toolbar=1,resizable=0'); return false;\" \n                                       class=\"txt-0 share-btn\"\n                                       tabindex=\"-1\"                                       \n                                       aria-label=\"Share this quote on twitter\">\n                                        <svg class=\"icon-x\">\n                                            <use xlink:href=\"#icon-x\"><\/use>\n                                        <\/svg>\n                                    <\/a>\n                                                                    <a  href=\"https:\/\/www.linkedin.com\/sharing\/share-offsite\/?url=https:\/\/www.ampere.cars\/en\/news\/ampere-has-been-launched-becoming-the-first-european-ev-and-software-pure-player\/#acf-block-695e5af9b304b\" \n                                        onclick=\"window.open(this.href, 'mywin', 'left=20,top=20,width=500,height=500,toolbar=1,resizable=0'); return false;\" \n                                        class=\"txt-0 share-btn\"\n                                        tabindex=\"-1\"                                        \n                                        aria-label=\"Share this page on linkedin\">\n                                        <svg class=\"icon-linkedin\">\n                                            <use xlink:href=\"#icon-linkedin\"><\/use>\n                                        <\/svg>\n                                    <\/a>\n                                                                    <button role=\"button\" class=\"cta-copy share-btn\" tabindex=\"-1\" aria-label=\"Copy link page on clipboard\" data-url=\"acf-block-695e5af9b304b\">\n                                        <svg class=\"icon-copy\">\n                                            <use xlink:href=\"#icon-copy\"><\/use>\n                                        <\/svg>\n                                        <span class=\"info\">Copied<\/span>\n                                    <\/button>\n                                                            <\/div>\n                        <\/div>\n                    <\/div>\n                <\/div>\n                    <\/div>\n    <\/div>\n<\/div>\n\n\n\n  <div id=\"acf-block-695e5af9b3060\" class=\"cp-content teq-container white anim-bg  \" data-color=\"white\">\n    <div class=\"teq-row max-w d-flex  justify-center height-100 align-center\">\n        <div class=\"col-12 relative cp-wysiwyg col-lg-8\">\n        \n            <h3 class=\"mb-3 txt-22 ls-9  l-120 title w-400 wix text-uppercase animShowText\" data-from=\"bottom\">\n                <p>A visual identity that combines<br \/>\n<strong>both tradition and transformation<\/strong><\/p>\n            <\/h3>\n\n        \n                        <div class=\"mt-0 \"><p>The Ampere logo began with the diamond shape, Renault\u2019s iconic long-standing symbol that reflects its human and industrial past. Formed from several diamonds, it illustrates this new configuration of tight-knit, agile teams each with their own area of expertise. The composition resulting from these diamonds sparks ideas of perpetual motion and ascending upwards to a shared goal.<\/p>\n<p>The Ampere identity combines three main colours \u2013 Scandium, Eigengrau and Silicon Grey \u2013 creating a balance between technology and warmth, between innovation and people.<\/p>\n<\/div>\n                                        <\/div>\n\n    <\/div>\n  <\/div>\n\n\n\n  <div id=\"acf-block-695e5af9b3089\" class=\"cp-content teq-container white anim-bg  \" data-color=\"white\">\n    <div class=\"teq-row max-w d-flex  justify-center height-100 align-center\">\n        <div class=\"col-12 relative cp-wysiwyg col-lg-8\">\n        \n            <h3 class=\"mb-3 txt-22 ls-9  l-120 title w-400 wix text-uppercase animShowText\" data-from=\"bottom\">\n                <p>A multi-skilled<br \/>\n<strong>executive team<\/strong><\/p>\n            <\/h3>\n\n        \n                        <div class=\"mt-0 \"><p>Headed by\u00a0<strong>Luca de Meo, CEO Ampere<\/strong>, the leadership team brings together people from within Renault Group as well as further beyond in the automotive industry, and international tech companies.<\/p>\n<h3>Corporate<\/h3>\n<ul>\n<li><strong>Josep-Maria Recasens<\/strong>, Chief Operating Officer\n<ul>\n<li><strong>Cl\u00e9a Martinet<\/strong>, VP Sustainability<\/li>\n<\/ul>\n<\/li>\n<li><strong>Vincent Piquet<\/strong>, Chief Financial Officer\n<ul>\n<li><strong>Benedicte Lenguin<\/strong>, Legal Councel<\/li>\n<\/ul>\n<\/li>\n<li><strong>Estelle Guillot-Tantay<\/strong>, VP Communications<\/li>\n<li><strong>Alexandra Malak,<\/strong>\u00a0VP People &amp; Workplace<\/li>\n<\/ul>\n<h3>Technology &amp; Operations<\/h3>\n<ul>\n<li><strong>Luciano Biondo,\u00a0<\/strong>VP Industrial Operations,\n<ul>\n<li><strong>Emmanuelle Darot<\/strong>, VP Procurement<\/li>\n<li><strong>Laurence Excoffon<\/strong>, VP Quality<\/li>\n<li><strong>Luiz Quinalha<\/strong>, VP Manufacturing ElectriCity<\/li>\n<\/ul>\n<\/li>\n<li><strong>Olivier Brosse<\/strong>\u00a0Platform Global Leader, C Segment<\/li>\n<li><strong>Philippe Brunet<\/strong>, VP Powertrain &amp; EV Engineering<\/li>\n<li><strong>Henry Bzeih<\/strong>, VP Software &amp; Systems<\/li>\n<li><strong>Vittorio d\u2019Arienzo<\/strong>, Platform Global Leader, B Segment<\/li>\n<li><strong>Luc Julia,\u00a0<\/strong>Chief AI Officer<\/li>\n<li><strong>Christian Stein<\/strong>, VP Revenue Management &amp; Customer Experience, Ampere<\/li>\n<li><strong>Gilles Vidal<\/strong>, VP Design, Renault Brand &amp; Ampere<\/li>\n<\/ul>\n<p>Bios of the members of Ampere&#8217;s Leadership Team are available <a href=\"https:\/\/www.ampere.cars\/en\/leadership-team\/\" target=\"_blank\" rel=\"noopener\">here<\/a>.<\/p>\n<p><strong>AGENDA<\/strong>: Wednesday, November 15, for a\u00a0<a href=\"https:\/\/events.renaultgroup.com\/en\/\" target=\"_blank\" rel=\"noopener\">Capital Market Day organized by Renault Group around Ampere<\/a>.<\/p>\n<\/div>\n                                        <\/div>\n\n    <\/div>\n  <\/div>\n\n\n\n\n<div id=\"acf-block-695e5af9b30b2\" class=\"cp-upload teq-container pt-10 pt-lg-11 anim-bg bg-c-black \" data-color=\"black\">\n  <div class=\"teq-row max-w\">\n          <h3 class=\"txt-22 ls-8 l-120 w-400 wix text-uppercase col-12 col-lg-5 c-txt-white animShowText\" data-from=\"bottom\">\n        <p>Downloadable<br \/>\n<strong>documents<\/strong><\/p>\n      <\/h3>\n        \n        <div class=\"docs-wrapper col-12 mt-4 mt-lg-6\">\n          <div class=\"docs-wrapper-inner  teq-row\">\n\n                                    <div class=\"d-grid doc col-6\">\n                          <div class=\"doc-inner py-3 px-3 bg-c-gs-upload d-flex align-center gap-24 relative height-auto\">\n                            <a\n                              aria-label=\"Download the pdf (197 Ko) : Ampere, the European challenger: a story of tech and EV excellence to foster sustainable growth\"\n                              class=\"stretched-link width-100 height-100 absolute inset-0 js-open-pop-download\"\n                              href=\"https:\/\/www.ampere.cars\/app\/uploads\/2023\/11\/Ampere_the_European_challenger_a_story_of_tech_and_EV_excellence_to_foster_sustainable_growth.pdf\"\n                              target=\"\"\n                                                            data-title=\"Ampere, the European challenger: a story of tech and EV excellence to foster sustainable growth\"\n                              data-size=\"PDF (197 Ko)\"                              download\n                              >\n                            <\/a>\n                                                          <svg class=\"doc-img icon-doc-file\">\n                                <use xlink:href=\"#icon-doc-file\"><\/use>\n                              <\/svg>\n                            \n                            <div class=\"content width-100 d-flex justify-center column height-100\">\n                                                              <p class=\"c-txt-white txt-10 ls-2 wix text-uppercase w-700\">Press Release<\/p>\n                                                            <p class=\" c-txt-white txt-15 w-300 mt-2\">Ampere, the European challenger: a story of tech and EV excellence to foster sustainable growth<\/p>\n                                <div class=\"file d-flex align-center justify-between width-100 mt-3 mt-lg-auto gap-30\">\n                                                                      <p class=\"txt-10 w-400 wix text-uppercase c-white link\">pdf (197 Ko)<\/p>\n                                                                    <div class=\"small-ico d-flex align-center justify-center\">\n                                    <svg class=\"icon-download\">\n                                      <use xlink:href=\"#icon-download\"><\/use>\n                                    <\/svg>\n                                  <\/div>\n                                <\/div>\n                            <\/div>\n                          <\/div>\n                      <\/div>\n                                      <div class=\"d-grid doc col-6\">\n                          <div class=\"doc-inner py-3 px-3 bg-c-gs-upload d-flex align-center gap-24 relative height-auto\">\n                            <a\n                              aria-label=\"Follow the link : Renault Group presents Capital Market Day Ampere\"\n                              class=\"stretched-link width-100 height-100 absolute inset-0\"\n                              href=\"https:\/\/events.renaultgroup.com\/en\/cmd-ampere-2023\/\"\n                              target=\"_blank\"\n                              >\n                            <\/a>\n                                                          <svg class=\"doc-img icon-doc-link\">\n                                <use xlink:href=\"#icon-doc-link\"><\/use>\n                              <\/svg>\n                            \n                            <div class=\"content width-100 d-flex justify-center column height-100\">\n                                                              <p class=\"c-txt-white txt-10 ls-2 wix text-uppercase w-700\">link<\/p>\n                                                            <p class=\"link-text c-txt-white txt-15 w-300 mt-2\">Renault Group presents Capital Market Day Ampere<\/p>\n                                <div class=\"file d-flex align-center justify-between width-100 mt-3 mt-lg-auto gap-30\">\n                                                                      <p class=\"txt-10 w-400 wix text-uppercase c-white link\">https:\/\/events.renaultgroup.com\/en\/cmd-ampere-2023\/<\/p>\n                                                                    <div class=\"small-ico d-flex align-center justify-center\">\n                                    <svg class=\"icon-external\">\n                                      <use xlink:href=\"#icon-external\"><\/use>\n                                    <\/svg>\n                                  <\/div>\n                                <\/div>\n                            <\/div>\n                          <\/div>\n                      <\/div>\n                \n          <\/div>\n        <\/div>\n  <\/div>\n\n    <div class=\"pop-download\" data-pop-download role=\"dialog\" aria-modal=\"true\" aria-hidden=\"true\">\n    <div class=\"inner\">\n      <h4 class=\"mb-3 text-uppercase\">Download conditions<\/h4>\n      <div class=\"text\">\n        Tous les contenus du site (et notamment les photographies, les textes, les vid\u00e9os, les images et les marques vis\u00e9es) sont la propri\u00e9t\u00e9 de Renault SAS, et\/ou celle de ses filiales ou de tiers ayant autoris\u00e9 Renault SAS \u00e0 les utiliser. Ces contenus sont mis \u00e0 disposition des tiers pour une utilisation \u00e0 des fins exclusivement \u00e9ditoriales. Leur utilisation \u00e0 des fins commerciales et notamment pour des besoins marketing ou publicitaires est strictement interdite et passible de sanctions.      <\/div>\n      <div class=\"input mt-2\">\n        <label class=\"d-flex align-center\">\n          <input type=\"checkbox\" class=\"mr-1\" data-pop-download-check>\n          I accept the download conditions        <\/label>\n      <\/div>\n      <div class=\"dwl-c d-flex mt-4\" data-pop-download-dwlc>\n        <a href=\"#\" class=\"mr-2 btn-ampere no-change width-fit\" data-pop-download-cta><\/a>\n      <\/div>\n      <button type=\"button\" class=\"close\" data-pop-download-close aria-label=\"Fermer\">\n        <svg width=\"48\" height=\"48\" viewBox=\"0 0 48 48\" fill=\"none\" xmlns=\"http:\/\/www.w3.org\/2000\/svg\">\n          <circle cx=\"24\" cy=\"24\" r=\"24\" fill=\"#1E1E1E\"\/>\n          <path fill-rule=\"evenodd\" clip-rule=\"evenodd\"\n                d=\"M31.0286 18.0322L29.9466 16.9502L23.9964 22.9003L18.0498 16.9537L16.9678 18.0357L22.9144 23.9823L16.9583 29.9384L18.0403 31.0204L23.9964 25.0643L29.9506 31.0185L31.0326 29.9365L25.0784 23.9823L31.0286 18.0322Z\"\n                fill=\"#FAFAFA\"\/>\n        <\/svg>\n      <\/button>\n    <\/div>\n  <\/div>\n  <\/div>\n\n\n\n\n\n  <div id=\"acf-block-6993204e38c3b\" class=\"cp-content teq-container black anim-bg  \" data-color=\"black\">\n    <div class=\"teq-row max-w d-flex  justify-center height-100 align-center\">\n        <div class=\"col-12 relative cp-wysiwyg col-lg-8\">\n        \n            <h3 class=\"mb-3 txt-22 ls-9  l-120 title w-400 wix text-uppercase animShowText\" data-from=\"bottom\">\n                <p><strong>Terms of Use and Download<\/strong><\/p>\n            <\/h3>\n\n        \n                        <div class=\"mt-0 \"><p><em>The content available on this website (including but not limited to texts, images, photographs, videos and audio materials) is the property of the companies of Renault Group and\/or of third parties who have authorized its use. This content is made available exclusively for non\u2011commercial editorial use. Journalists, influencers and media professionals may use this content as sources for the creation of their own editorial materials, provided that such materials do not have any commercial character.<\/em><\/p>\n<p><em>Any use for commercial, marketing, advertising or promotional purposes, including on social media, is strictly prohibited.<\/em><\/p>\n<p><em>The use of this content is subject to these terms as well as to the legal notices of the website, which the user acknowledges having read and accepted.<\/em><\/p>\n<\/div>\n                                        <\/div>\n\n    <\/div>\n  <\/div>\n\n\n\n  <div id=\"acf-block-695e5af9b30c6\" class=\"cp-content teq-container white anim-bg  \" data-color=\"white\">\n    <div class=\"teq-row max-w d-flex  justify-center height-100 align-center\">\n        <div class=\"col-12 relative cp-wysiwyg col-lg-8\">\n        \n                        <div class=\"mt-0 \"><h2>Press contact<\/h2>\n<p class=\"name\">Estelle Guillot-Tantay &#8211; VP Communications, Ampere<\/p>\n<p><a href=\"mailto:estelle.guillot-tantay@renault.com\" target=\"_blank\" rel=\"noopener\">estelle.guillot-tantay@renault.com<\/a><\/p>\n<p><span class=\"ui-provider ed awq awr aws awt awu awv aww awx awy awz axa axb axc axd axe axf axg axh axi axj axk axl axm axn axo axp axq axr axs axt axu axv axw axx\" dir=\"ltr\"><a title=\"tel:+33 6.87.60.49.58\" target=\"_blank\" rel=\"noreferrer noopener\">+33 6.87.60.49.58<\/a><\/span><\/p>\n<p><strong>&gt;&gt; Subscribe to the newsletter by clicking <a href=\"https:\/\/newsletter.ampere.cars\/?lang=eng\" target=\"_blank\" rel=\"noopener\">here<\/a>.<\/strong><\/p>\n<\/div>\n                                        <\/div>\n\n    <\/div>\n  <\/div>\n\n\n\n<div id=\"block_4221af09f7bda6dfaa10be0c8565bc6a\" class=\"teq-container cp-mesh anim-bg \" data-color=\"white\">\n            <div class=\"teq-row max-w mb-3 mb-lg-6\">\n            <div class=\"col-12\">\n                <h3 class=\"txt-22 wix w-400 l-120 ls-9 text-uppercase animShowText\" data-from=\"bottom\">\n                    <p>CONTINUE<br \/>\n<strong>EXPLORING<\/strong><\/p>\n                <\/h3>\n            <\/div>\n        <\/div>\n            <ul aria-label=\"Other pages of Amp\u00e8re\" class=\"teq-row max-w colum row-lg justify-center\">\n                            <li class=\"col-12 col-lg-4 mb-5 mb-lg-0\">\n                    <div class=\"relative width-100 height-100 relative\">\n                                                    <div class=\"picture\">\n                                <img decoding=\"async\" class=\"d-flex width-100 height-auto\" src=\"https:\/\/www.ampere.cars\/app\/uploads\/2023\/11\/header-designed-lead.jpg\" alt=\"ampere\">\n                            <\/div>\n                                                                            <a class=\"txt-14 w-700 wix l-120 ls-6 text-uppercase stretched-link mt-2 mt-lg-3 c-black\" href=\"https:\/\/www.ampere.cars\/en\/about-ampere\/\" target=\"\">\n                                Who we are                            <\/a>\n                                            <\/div>\n                <\/li>\n                            <li class=\"col-12 col-lg-4 mb-5 mb-lg-0\">\n                    <div class=\"relative width-100 height-100 relative\">\n                                                    <div class=\"picture\">\n                                <img decoding=\"async\" class=\"d-flex width-100 height-auto\" src=\"https:\/\/www.ampere.cars\/app\/uploads\/2023\/11\/Visuel-rebond-what.jpg\" alt=\"Visuel rebond what\">\n                            <\/div>\n                                                                            <a class=\"txt-14 w-700 wix l-120 ls-6 text-uppercase stretched-link mt-2 mt-lg-3 c-black\" href=\"https:\/\/www.ampere.cars\/en\/what-we-do\/\" target=\"\">\n                                What we do                            <\/a>\n                                            <\/div>\n                <\/li>\n                            <li class=\"col-12 col-lg-4 mb-5 mb-lg-0\">\n                    <div class=\"relative width-100 height-100 relative\">\n                                                    <div class=\"picture\">\n                                <img decoding=\"async\" class=\"d-flex width-100 height-auto\" src=\"https:\/\/www.ampere.cars\/app\/uploads\/2023\/11\/Nouveau-projet-22.jpg\" alt=\"cmd ampere\">\n                            <\/div>\n                                                                            <a class=\"txt-14 w-700 wix l-120 ls-6 text-uppercase stretched-link mt-2 mt-lg-3 c-black\" href=\"https:\/\/www.ampere.cars\/en\/amperes-news\/\" target=\"\">\n                                News                            <\/a>\n                                            <\/div>\n                <\/li>\n                    <\/ul>\n    <\/div>\n\n","protected":false},"menu_order":0,"template":"","actualite_thematique":[],"actualite_format":[38],"actualite_annee":[],"acf":[],"yoast_head":"<!-- This site is optimized with the Yoast SEO plugin v21.2 - https:\/\/yoast.com\/wordpress\/plugins\/seo\/ -->\n<title>Ampere has been launched becoming the first European EV and software pure player - Ampere.cars<\/title>\n<meta name=\"robots\" content=\"index, follow, max-snippet:-1, max-image-preview:large, max-video-preview:-1\" \/>\n<link rel=\"canonical\" href=\"https:\/\/www.ampere.cars\/en\/news\/ampere-has-been-launched-becoming-the-first-european-ev-and-software-pure-player\/\" \/>\n<meta property=\"og:locale\" content=\"en_US\" \/>\n<meta property=\"og:type\" content=\"article\" \/>\n<meta property=\"og:title\" content=\"Ampere has been launched becoming the first European EV and software pure player - Ampere.cars\" \/>\n<meta property=\"og:url\" content=\"https:\/\/www.ampere.cars\/en\/news\/ampere-has-been-launched-becoming-the-first-european-ev-and-software-pure-player\/\" \/>\n<meta property=\"og:site_name\" content=\"Ampere.cars\" \/>\n<meta property=\"article:modified_time\" content=\"2026-02-16T14:22:57+00:00\" \/>\n<meta name=\"twitter:card\" content=\"summary_large_image\" \/>\n<script type=\"application\/ld+json\" class=\"yoast-schema-graph\">{\"@context\":\"https:\/\/schema.org\",\"@graph\":[{\"@type\":\"WebPage\",\"@id\":\"https:\/\/www.ampere.cars\/en\/news\/ampere-has-been-launched-becoming-the-first-european-ev-and-software-pure-player\/\",\"url\":\"https:\/\/www.ampere.cars\/en\/news\/ampere-has-been-launched-becoming-the-first-european-ev-and-software-pure-player\/\",\"name\":\"Ampere has been launched becoming the first European EV and software pure player - Ampere.cars\",\"isPartOf\":{\"@id\":\"https:\/\/www.ampere.cars\/en\/#website\"},\"datePublished\":\"2023-11-08T15:37:00+00:00\",\"dateModified\":\"2026-02-16T14:22:57+00:00\",\"breadcrumb\":{\"@id\":\"https:\/\/www.ampere.cars\/en\/news\/ampere-has-been-launched-becoming-the-first-european-ev-and-software-pure-player\/#breadcrumb\"},\"inLanguage\":\"en-US\",\"potentialAction\":[{\"@type\":\"ReadAction\",\"target\":[\"https:\/\/www.ampere.cars\/en\/news\/ampere-has-been-launched-becoming-the-first-european-ev-and-software-pure-player\/\"]}]},{\"@type\":\"BreadcrumbList\",\"@id\":\"https:\/\/www.ampere.cars\/en\/news\/ampere-has-been-launched-becoming-the-first-european-ev-and-software-pure-player\/#breadcrumb\",\"itemListElement\":[{\"@type\":\"ListItem\",\"position\":1,\"name\":\"Home\",\"item\":\"https:\/\/www.ampere.cars\/en\/\"},{\"@type\":\"ListItem\",\"position\":2,\"name\":\"Ampere&#8217;s news\",\"item\":\"https:\/\/www.ampere.cars\/en\/amperes-news\/\"},{\"@type\":\"ListItem\",\"position\":3,\"name\":\"Ampere has been launched becoming the first European EV and software pure player\"}]},{\"@type\":\"WebSite\",\"@id\":\"https:\/\/www.ampere.cars\/en\/#website\",\"url\":\"https:\/\/www.ampere.cars\/en\/\",\"name\":\"Ampere.cars\",\"description\":\"\",\"potentialAction\":[{\"@type\":\"SearchAction\",\"target\":{\"@type\":\"EntryPoint\",\"urlTemplate\":\"https:\/\/www.ampere.cars\/en\/?s={search_term_string}\"},\"query-input\":\"required name=search_term_string\"}],\"inLanguage\":\"en-US\"}]}<\/script>\n<!-- \/ Yoast SEO plugin. -->","yoast_head_json":{"title":"Ampere has been launched becoming the first European EV and software pure player - Ampere.cars","robots":{"index":"index","follow":"follow","max-snippet":"max-snippet:-1","max-image-preview":"max-image-preview:large","max-video-preview":"max-video-preview:-1"},"canonical":"https:\/\/www.ampere.cars\/en\/news\/ampere-has-been-launched-becoming-the-first-european-ev-and-software-pure-player\/","og_locale":"en_US","og_type":"article","og_title":"Ampere has been launched becoming the first European EV and software pure player - Ampere.cars","og_url":"https:\/\/www.ampere.cars\/en\/news\/ampere-has-been-launched-becoming-the-first-european-ev-and-software-pure-player\/","og_site_name":"Ampere.cars","article_modified_time":"2026-02-16T14:22:57+00:00","twitter_card":"summary_large_image","schema":{"@context":"https:\/\/schema.org","@graph":[{"@type":"WebPage","@id":"https:\/\/www.ampere.cars\/en\/news\/ampere-has-been-launched-becoming-the-first-european-ev-and-software-pure-player\/","url":"https:\/\/www.ampere.cars\/en\/news\/ampere-has-been-launched-becoming-the-first-european-ev-and-software-pure-player\/","name":"Ampere has been launched becoming the first European EV and software pure player - Ampere.cars","isPartOf":{"@id":"https:\/\/www.ampere.cars\/en\/#website"},"datePublished":"2023-11-08T15:37:00+00:00","dateModified":"2026-02-16T14:22:57+00:00","breadcrumb":{"@id":"https:\/\/www.ampere.cars\/en\/news\/ampere-has-been-launched-becoming-the-first-european-ev-and-software-pure-player\/#breadcrumb"},"inLanguage":"en-US","potentialAction":[{"@type":"ReadAction","target":["https:\/\/www.ampere.cars\/en\/news\/ampere-has-been-launched-becoming-the-first-european-ev-and-software-pure-player\/"]}]},{"@type":"BreadcrumbList","@id":"https:\/\/www.ampere.cars\/en\/news\/ampere-has-been-launched-becoming-the-first-european-ev-and-software-pure-player\/#breadcrumb","itemListElement":[{"@type":"ListItem","position":1,"name":"Home","item":"https:\/\/www.ampere.cars\/en\/"},{"@type":"ListItem","position":2,"name":"Ampere&#8217;s news","item":"https:\/\/www.ampere.cars\/en\/amperes-news\/"},{"@type":"ListItem","position":3,"name":"Ampere has been launched becoming the first European EV and software pure player"}]},{"@type":"WebSite","@id":"https:\/\/www.ampere.cars\/en\/#website","url":"https:\/\/www.ampere.cars\/en\/","name":"Ampere.cars","description":"","potentialAction":[{"@type":"SearchAction","target":{"@type":"EntryPoint","urlTemplate":"https:\/\/www.ampere.cars\/en\/?s={search_term_string}"},"query-input":"required name=search_term_string"}],"inLanguage":"en-US"}]}},"_links":{"self":[{"href":"https:\/\/www.ampere.cars\/en\/wp-json\/wp\/v2\/actualites\/5438"}],"collection":[{"href":"https:\/\/www.ampere.cars\/en\/wp-json\/wp\/v2\/actualites"}],"about":[{"href":"https:\/\/www.ampere.cars\/en\/wp-json\/wp\/v2\/types\/actualites"}],"wp:attachment":[{"href":"https:\/\/www.ampere.cars\/en\/wp-json\/wp\/v2\/media?parent=5438"}],"wp:term":[{"taxonomy":"actualite_thematique","embeddable":true,"href":"https:\/\/www.ampere.cars\/en\/wp-json\/wp\/v2\/actualite_thematique?post=5438"},{"taxonomy":"actualite_format","embeddable":true,"href":"https:\/\/www.ampere.cars\/en\/wp-json\/wp\/v2\/actualite_format?post=5438"},{"taxonomy":"actualite_annee","embeddable":true,"href":"https:\/\/www.ampere.cars\/en\/wp-json\/wp\/v2\/actualite_annee?post=5438"}],"curies":[{"name":"wp","href":"https:\/\/api.w.org\/{rel}","templated":true}]}}