{"id":10713,"date":"2025-12-02T10:00:17","date_gmt":"2025-12-02T09:00:17","guid":{"rendered":"https:\/\/www.ampere.cars\/?post_type=actualites&#038;p=10713"},"modified":"2026-02-16T14:57:36","modified_gmt":"2026-02-16T13:57:36","slug":"100000-renault-5-e-tech-electric-vehicles-built-at-douai-turning-the-spotlight-on-made-in-france","status":"publish","type":"actualites","link":"https:\/\/www.ampere.cars\/en\/news\/100000-renault-5-e-tech-electric-vehicles-built-at-douai-turning-the-spotlight-on-made-in-france\/","title":{"rendered":"100,000 Renault 5 E-tech electric vehicles built at DOUAI: Turning the spotlight on \u201cMade in France\u201d"},"content":{"rendered":"\n\n<div id=\"acf-block-692dc9d3561c8\" class=\"teq-container cp-herobanner-news relative anim-bg \" data-color=\"white\">\n    <div class=\"teq-row max-w cp-breadcrumb\" >\n                    <div class=\"breadcrumb col-12\">\n                <span><span><a href=\"https:\/\/www.ampere.cars\/en\/\">Home<\/a><\/span><\/span>            <\/div>\n            <\/div>\n    <div class=\"teq-row max-w container\">\n        <div class=\"col-12 col-lg-5 content relative\">\n                            <div class=\"mb-5\">\n                    <p class=\"text-uppercase wix w-400 txt-10 ls-2 thematics-date\">\n                        <span>\n                                                                                                                    <strong>Press release<\/strong>\n                                                    <\/span>\n\n                        <span class=\"separator\">&#8211;<\/span>\n\n                        <span>02.12.2025<\/span>\n                    <\/p>\n                <\/div>\n                                        <h1 class=\"title wix w-400 l-130 ls-9 text-uppercase\">\n                    100,000 RENAULT 5 E-TECH ELECTRIC VEHICLES BUILT<br \/>\nAT DOUAI: TURNING THE SPOTLIGHT ON \u201cMADE IN FRANCE\u201d\n                <\/h1>\n                    <\/div>\n                    <div class=\"col-12 col-lg-7 img d-flex\">\n                <picture class=\"width-100\">\n                    <source media=\"(max-width: 767px)\"\n                            srcset=\"https:\/\/www.ampere.cars\/app\/uploads\/2025\/12\/100-000-Renault-5-E-Tech-Electric-produites-A-Douai-6.jpg\"\/>\n                    <source media=\"(min-width: 768px)\"\n                            srcset=\"https:\/\/www.ampere.cars\/app\/uploads\/2025\/12\/100-000-Renault-5-E-Tech-Electric-produites-A-Douai-6.jpg\"\/>\n                    <img decoding=\"async\" class=\"cover-img\"\n                         src=\"https:\/\/www.ampere.cars\/app\/uploads\/2025\/12\/100-000-Renault-5-E-Tech-Electric-produites-A-Douai-6.jpg\"\n                         alt=\"100 000 Renault 5 E-Tech Electric produites A Douai\"\/>\n                <\/picture>\n            <\/div>\n            <\/div>\n<\/div>\n\n\n\n\n\n  <div id=\"acf-block-692dc9d35627a\" class=\"cp-content teq-container white anim-bg  \" data-color=\"white\">\n    <div class=\"teq-row max-w d-flex  justify-center height-100 align-center\">\n        <div class=\"col-12 relative cp-wysiwyg col-lg-8\">\n        \n                        <div class=\"mt-0 \"><ul>\n<li><strong>The Ampere ElectriCity plant in Douai has reached a historic milestone: 100,000 Renault 5 E-Tech electric vehicles built in just 15 months! Around 900 vehicles roll off the assembly line every day, of which two-thirds are Renault 5 E-Tech electric.<\/strong><\/li>\n<\/ul>\n<ul>\n<li><strong>This major milestone symbolises the market success of a consumer favourite, European leader in its class for several months.<\/strong><\/li>\n<\/ul>\n<ul>\n<li><strong>With five trim levels, from Five to Roland-Garros, three motors and two battery levels, the Renault 5 E-Tech electric range includes a model for every need, purpose and budget.<\/strong><\/li>\n<\/ul>\n<ul>\n<li><strong>Next spring, Renault 5 E-Tech electric is set to gain new equipment with the One Pedal function, particularly useful in traffic jams and on the approach to roundabouts, and also the driver attention alert system.<\/strong><\/li>\n<\/ul>\n<\/div>\n                                        <\/div>\n\n    <\/div>\n  <\/div>\n\n\n\n  <div id=\"acf-block-692dc9d3562b5\" class=\"cp-content teq-container white anim-bg  \" data-color=\"white\">\n    <div class=\"teq-row max-w d-flex  justify-center height-100 align-center\">\n        <div class=\"col-12 relative cp-wysiwyg col-lg-8\">\n        \n                        <div class=\"mt-0 \"><p>A major milestone reached in just 15 months! The Ampere ElectriCity plant in Douai has already built 100,000 examples of Renault 5 E-Tech electric, launched in October 2024. The 100,000th vehicle, a Techno version with a 52kWh battery (the most common combination of level trim and battery), was assembled last week. An event celebrated with great enthusiasm by all the employees at the Hauts-de-France site.<\/p>\n<p>Winner of the prestigious Car of the Year 2025 award, Renault 5 E-Tech electric is a committed and joyful response to the technological, societal and environmental challenges of modern mobility, playing a full role in bringing electric vehicles into the mainstream.<\/p>\n<\/div>\n                                        <\/div>\n\n    <\/div>\n  <\/div>\n\n\n\n<div class=\"cp-block-img-video teq-container  \" id=\"acf-block-692dc9d356460\">\n    <div class=\"teq-row max-w\">\n        <div class=\"col-12\">\n            <div class=\"top\">\n                <h3 class=\"w-700 wix text-uppercase title\"><\/h3>\n                <div class=\"description cp-wysiwyg\">\n                                   <\/div>\n            <\/div>\n            <div class=\"bottom\">\n                                <figure>\n                                            <picture class=\"illust\">\n                            <source media=\"(max-width: 767px)\" srcset=\"https:\/\/www.ampere.cars\/app\/uploads\/2025\/12\/100-000-Renault-5-E-Tech-Electric-produites-A-Douai-3.jpg\"\/>\n                            <source media=\"(min-width: 768px)\" srcset=\"https:\/\/www.ampere.cars\/app\/uploads\/2025\/12\/100-000-Renault-5-E-Tech-Electric-produites-A-Douai-3.jpg\"\/>\n                            <img decoding=\"async\" class=\"img relative\" src=\"https:\/\/www.ampere.cars\/app\/uploads\/2025\/12\/100-000-Renault-5-E-Tech-Electric-produites-A-Douai-3.jpg\" alt=\"100 000 Renault 5 E-Tech Electric produites A Douai (3)\">\n                        <\/picture>\n                                        <figcaption class=\"txt-10 w-300 text-center\">\n                                            <\/figcaption>\n                <\/figure>\n\n                            <\/div>\n        <\/div>\n    <\/div>\n<\/div>\n\n\n\n<div class=\"cp-testimony no-img teq-container anim-bg\" data-color=\"white\" id=\"acf-block-692dc9d35672c\">\n    <div class=\"teq-row max-w\">\n        <div class=\"col-12 col-lg-10 offset-lg-1 top\">\n            <div class=\"illust\">\n                            <\/div>\n            <div class=\"citation\">\n                <blockquote>\n                    <div class=\"quote\">\n                        <svg class=\"quote-icon\" aria-hidden=\"true\" focusable=\"false\" xmlns=\"http:\/\/www.w3.org\/2000\/svg\" width=\"17\" height=\"11\" viewBox=\"0 0 17 11\" fill=\"none\">\n                            <path d=\"M0 11L2.14668 0H7.32398L4.20918 11H0ZM9.17602 11L11.3227 0H16.5L13.3852 11H9.17602Z\" fill=\"#E0D4CF\"\/>\n                        <\/svg>\n                                                    <div class=\"text-to-share\">\n                                <p><em>\u201cA little over a year after its launch, the production of the 100,000th Renault 5 E-Tech electric in Douai stands as a testimony to the dedication of our teams and the trust of our customers. The Ampere site in Douai has undergone a profound transformation toward full electrification, driven by the passion and expertise of its workforce. Today, we celebrate far more than a number: we honor our collective ability to write a new chapter in sustainable innovation.\u201d<\/em><\/p>\n                            <\/div>\n                                            <\/div>\n                    <div class=\"author-job\">\n                        <p class=\"autor-to-share wix\">\n                                                            Pierre-Emmanuel Andrieux <span class='job'><span class='separator'>&#8211;<\/span>Douai Plant Director, Ampere<\/span>                                                    <\/p>\n                    <\/div>\n                <\/blockquote>\n            <\/div>\n        <\/div>\n    <\/div>\n    <div class=\"teq-row max-w\">\n        <div class=\"col-12 col-lg-10 offset-lg-1 bottom\">\n            \n                    <\/div>\n    <\/div>\n<\/div>\n\n\n\n  <div id=\"acf-block-692dc9d356782\" class=\"cp-content teq-container white anim-bg  \" data-color=\"white\">\n    <div class=\"teq-row max-w d-flex  justify-center height-100 align-center\">\n        <div class=\"col-12 relative cp-wysiwyg col-lg-8\">\n        \n            <h3 class=\"mb-3 txt-22 ls-9  l-120 title w-400 wix text-uppercase animShowText\" data-from=\"bottom\">\n                <p>Six models on a single line<\/p>\n            <\/h3>\n\n        \n                        <div class=\"mt-0 \"><p>This event is also a celebration of the \u201cMade in France\u201d label. Last year, Renault 5 E-Tech electric also received <a href=\"https:\/\/media.renault.com\/renault-5-e-tech-electric-presente-a-la-grande-exposition-du-fabrique-en-france-2024\/?lang=fra\">Origine France Garantie certification<\/a>. The Ampere ElectriCity plant in Douai builds no fewer than six electric models on a single line: Renault 5, Renault Megane and Renault Scenic E-Tech electric, Alpine A290, Nissan Micra and Mitsubishi Eclipse Cross. Around 900 vehicles are built every day, of which two-thirds are Renault 5 E-Tech electric. To achieve this, the workforce operates in three daily shifts: one in the morning, one in the afternoon and, as of 13 October, a night shift running at half the daytime production rate.<\/p>\n<p>Renault has decided to build most of its electric vehicles at the Ampere ElectriCity complex, where two-thirds of its suppliers (including the Cl\u00e9on plant for electric motors) are within a 300-kilometre radius and most of its customers within a 1,000-kilometre radius. The complex also includes the Maubeuge plant, assembling Renault 4 E-Tech electric, and the Ruitz plant, specialising in machined parts for hybrid gearboxes and differentials, and also in the production of battery cases through the Minth Electricity Technology joint venture.<\/p>\n<\/div>\n                                        <\/div>\n\n    <\/div>\n  <\/div>\n\n\n\n<div class=\"cp-testimony no-img teq-container anim-bg\" data-color=\"white\" id=\"acf-block-692dc9d3567f1\">\n    <div class=\"teq-row max-w\">\n        <div class=\"col-12 col-lg-10 offset-lg-1 top\">\n            <div class=\"illust\">\n                            <\/div>\n            <div class=\"citation\">\n                <blockquote>\n                    <div class=\"quote\">\n                        <svg class=\"quote-icon\" aria-hidden=\"true\" focusable=\"false\" xmlns=\"http:\/\/www.w3.org\/2000\/svg\" width=\"17\" height=\"11\" viewBox=\"0 0 17 11\" fill=\"none\">\n                            <path d=\"M0 11L2.14668 0H7.32398L4.20918 11H0ZM9.17602 11L11.3227 0H16.5L13.3852 11H9.17602Z\" fill=\"#E0D4CF\"\/>\n                        <\/svg>\n                                                    <div class=\"text-to-share\">\n                                <p><em>\u201cRenault 5 E-Tech electric stands as a flagship of our ability to transform an iconic model into a driver of competitiveness and French industrial sovereignty. This achievement is built upon the strength of a unique and efficient local ecosystem spanning the entire value chain, bringing together Douai, Cl\u00e9on for electric motors, Ruitz, as well as our partners and suppliers rooted in the heart of the Hauts-de-France region. More than an industrial success, it is a human and collective adventure that proves our capacity to combine speed, innovation, and the creation of sustainable value for our customers and our regions.\u201d<\/em><\/p>\n                            <\/div>\n                                            <\/div>\n                    <div class=\"author-job\">\n                        <p class=\"autor-to-share wix\">\n                                                            Anne-Catherine Brieux <span class='job'><span class='separator'>&#8211;<\/span>VP Industrial Operations of Ampere and Alpine<\/span>                                                    <\/p>\n                    <\/div>\n                <\/blockquote>\n            <\/div>\n        <\/div>\n    <\/div>\n    <div class=\"teq-row max-w\">\n        <div class=\"col-12 col-lg-10 offset-lg-1 bottom\">\n            \n                    <\/div>\n    <\/div>\n<\/div>\n\n\n\n<div class=\"cp-block-img-video teq-container  \" id=\"acf-block-692dc9d35682d\">\n    <div class=\"teq-row max-w\">\n        <div class=\"col-12\">\n            <div class=\"top\">\n                <h3 class=\"w-700 wix text-uppercase title\"><\/h3>\n                <div class=\"description cp-wysiwyg\">\n                                   <\/div>\n            <\/div>\n            <div class=\"bottom\">\n                                <figure>\n                                            <picture class=\"illust\">\n                            <source media=\"(max-width: 767px)\" srcset=\"https:\/\/www.ampere.cars\/app\/uploads\/2025\/12\/100-000-Renault-5-E-Tech-Electric-produites-A-Douai-2.jpg\"\/>\n                            <source media=\"(min-width: 768px)\" srcset=\"https:\/\/www.ampere.cars\/app\/uploads\/2025\/12\/100-000-Renault-5-E-Tech-Electric-produites-A-Douai-2.jpg\"\/>\n                            <img decoding=\"async\" class=\"img relative\" src=\"https:\/\/www.ampere.cars\/app\/uploads\/2025\/12\/100-000-Renault-5-E-Tech-Electric-produites-A-Douai-2.jpg\" alt=\"100 000 Renault 5 E-Tech Electric produites A Douai (2)\">\n                        <\/picture>\n                                        <figcaption class=\"txt-10 w-300 text-center\">\n                                            <\/figcaption>\n                <\/figure>\n\n                            <\/div>\n        <\/div>\n    <\/div>\n<\/div>\n\n\n\n  <div id=\"acf-block-692dc9d356854\" class=\"cp-content teq-container white anim-bg  \" data-color=\"white\">\n    <div class=\"teq-row max-w d-flex  justify-center height-100 align-center\">\n        <div class=\"col-12 relative cp-wysiwyg col-lg-8\">\n        \n            <h3 class=\"mb-3 txt-22 ls-9  l-120 title w-400 wix text-uppercase animShowText\" data-from=\"bottom\">\n                <p>Popularity extending beyond French borders<\/p>\n            <\/h3>\n\n        \n                        <div class=\"mt-0 \"><p>Renault 5 E-Tech electric has enjoyed remarkable success since its launch: for several months now, it has been number one in the electric B segment in Europe. It also ranks number two on the retail market in Europe, all segments combined. In France, Renault 5 E-Tech electric established itself as number one on the electric vehicle market overall at the start of the year. A position it also achieved in October in the United Kingdom. In the Netherlands and Spain, it is number one in its segment.<\/p>\n<p>Renault 5 E-Tech electric has recently embarked on its journey beyond Europe, debuting in Turkey and Israel, with Morocco joining the list last month. Additional markets are set to follow in 2026.<\/p>\n<\/div>\n                                        <\/div>\n\n    <\/div>\n  <\/div>\n\n\n\n<div class=\"cp-block-img-video teq-container  \" id=\"acf-block-692dc9d356886\">\n    <div class=\"teq-row max-w\">\n        <div class=\"col-12\">\n            <div class=\"top\">\n                <h3 class=\"w-700 wix text-uppercase title\"><\/h3>\n                <div class=\"description cp-wysiwyg\">\n                                   <\/div>\n            <\/div>\n            <div class=\"bottom\">\n                                <figure>\n                                            <picture class=\"illust\">\n                            <source media=\"(max-width: 767px)\" srcset=\"https:\/\/www.ampere.cars\/app\/uploads\/2025\/12\/100-000-Renault-5-E-Tech-Electric-produites-A-Douai-4.jpg\"\/>\n                            <source media=\"(min-width: 768px)\" srcset=\"https:\/\/www.ampere.cars\/app\/uploads\/2025\/12\/100-000-Renault-5-E-Tech-Electric-produites-A-Douai-4.jpg\"\/>\n                            <img decoding=\"async\" class=\"img relative\" src=\"https:\/\/www.ampere.cars\/app\/uploads\/2025\/12\/100-000-Renault-5-E-Tech-Electric-produites-A-Douai-4.jpg\" alt=\"100 000 Renault 5 E-Tech Electric produites A Douai (4)\">\n                        <\/picture>\n                                        <figcaption class=\"txt-10 w-300 text-center\">\n                                            <\/figcaption>\n                <\/figure>\n\n                            <\/div>\n        <\/div>\n    <\/div>\n<\/div>\n\n\n\n  <div id=\"acf-block-692dc9d3568be\" class=\"cp-content teq-container white anim-bg  \" data-color=\"white\">\n    <div class=\"teq-row max-w d-flex  justify-center height-100 align-center\">\n        <div class=\"col-12 relative cp-wysiwyg col-lg-8\">\n        \n            <h3 class=\"mb-3 txt-22 ls-9  l-120 title w-400 wix text-uppercase animShowText\" data-from=\"bottom\">\n                <p>New equipment from January 2026<\/p>\n            <\/h3>\n\n        \n                        <div class=\"mt-0 \"><p>This market success is set to continue and to grow in 2026, with a complete range (three motors, two battery capacities, five trim levels from \u20ac24,990, excluding government grants) as well as a series of upgrades and new features available from late January.<\/p>\n<p>At this time, Renault 5 E-Tech electric will gain the One Pedal function on the Techno finish and higher versions. This fourth level of regenerative braking lets the driver bring the vehicle to a complete stop without the brake, using only the accelerator. Particularly useful in traffic jams or on the approach to roundabouts, stop signs or red lights, this function contributes to smoother driving in urban traffic.<\/p>\n<p>The driver attention alert function will also be available. Using an interior camera installed in the left-hand windscreen pillar, this function is able to detect driver fatigue or distraction. Further, customers can now take advantage of a new service, with 2 GB\/month of data for three years or until the end of their contract with Mobilize Financial Services (all contracts excluding conventional loans). Sufficient for daily use of the most popular in-car apps, this service corresponds, for example, to up to 40 hours of audio streaming (standard quality) or up to three hours of video streaming.<\/p>\n<p>Finally, Renault 5 E-Tech electric can be customised with new \u201cPoweR5\u201d decals for the rear wings, while the \u201cNumbeR5\u201d decal pack for the front wings and roof, already seen on the Techno and Iconic Cinq trim levels will be available from the Five and Evolution trim levels.<\/p>\n<\/div>\n                                        <\/div>\n\n    <\/div>\n  <\/div>\n\n\n\n\n<div id=\"acf-block-692dc9d356c0c\" class=\"cp-upload teq-container pt-10 pt-lg-11 anim-bg bg-c-black \" data-color=\"black\">\n  <div class=\"teq-row max-w\">\n          <h3 class=\"txt-22 ls-8 l-120 w-400 wix text-uppercase col-12 col-lg-5 c-txt-white animShowText\" data-from=\"bottom\">\n        <p>Downloadable<br \/>\n<strong>document<\/strong><\/p>\n      <\/h3>\n        \n        <div class=\"docs-wrapper col-12 mt-4 mt-lg-6\">\n          <div class=\"docs-wrapper-inner solo teq-row\">\n\n                                    <div class=\"d-grid doc col-6\">\n                          <div class=\"doc-inner py-3 px-3 bg-c-gs-upload d-flex align-center gap-24 relative height-auto\">\n                            <a\n                              aria-label=\"Download the pdf (577 Ko) : 100,000 RENAULT 5 E-TECH ELECTRIC VEHICLES BUILT AT DOUAI: TURNING THE SPOTLIGHT ON \u201cMADE IN FRANCE\u201d\"\n                              class=\"stretched-link width-100 height-100 absolute inset-0 js-open-pop-download\"\n                              href=\"https:\/\/www.ampere.cars\/app\/uploads\/2025\/12\/EN-2025-12-02-Renault-5-Douai-Press-Release.pdf\"\n                              target=\"\"\n                                                            data-title=\"100,000 RENAULT 5 E-TECH ELECTRIC VEHICLES BUILT AT DOUAI: TURNING THE SPOTLIGHT ON \u201cMADE IN FRANCE\u201d\"\n                              data-size=\"PDF (577 Ko)\"                              download\n                              >\n                            <\/a>\n                                                            <img decoding=\"async\" class=\"doc-img\" src=\"https:\/\/www.ampere.cars\/app\/uploads\/2024\/10\/image-2.png\">\n                              \n                            <div class=\"content width-100 d-flex justify-center column height-100\">\n                                                              <p class=\"c-txt-white txt-10 ls-2 wix text-uppercase w-700\">Press Release<\/p>\n                                                            <p class=\" c-txt-white txt-15 w-300 mt-2\">100,000 RENAULT 5 E-TECH ELECTRIC VEHICLES BUILT AT DOUAI: TURNING THE SPOTLIGHT ON \u201cMADE IN FRANCE\u201d<\/p>\n                                <div class=\"file d-flex align-center justify-between width-100 mt-3 mt-lg-auto gap-30\">\n                                                                      <p class=\"txt-10 w-400 wix text-uppercase c-white link\">pdf (577 Ko)<\/p>\n                                                                    <div class=\"small-ico d-flex align-center justify-center\">\n                                    <svg class=\"icon-download\">\n                                      <use xlink:href=\"#icon-download\"><\/use>\n                                    <\/svg>\n                                  <\/div>\n                                <\/div>\n                            <\/div>\n                          <\/div>\n                      <\/div>\n                \n          <\/div>\n        <\/div>\n  <\/div>\n\n    <div class=\"pop-download\" data-pop-download role=\"dialog\" aria-modal=\"true\" aria-hidden=\"true\">\n    <div class=\"inner\">\n      <h4 class=\"mb-3 text-uppercase\">Download conditions<\/h4>\n      <div class=\"text\">\n        Tous les contenus du site (et notamment les photographies, les textes, les vid\u00e9os, les images et les marques vis\u00e9es) sont la propri\u00e9t\u00e9 de Renault SAS, et\/ou celle de ses filiales ou de tiers ayant autoris\u00e9 Renault SAS \u00e0 les utiliser. Ces contenus sont mis \u00e0 disposition des tiers pour une utilisation \u00e0 des fins exclusivement \u00e9ditoriales. Leur utilisation \u00e0 des fins commerciales et notamment pour des besoins marketing ou publicitaires est strictement interdite et passible de sanctions.      <\/div>\n      <div class=\"input mt-2\">\n        <label class=\"d-flex align-center\">\n          <input type=\"checkbox\" class=\"mr-1\" data-pop-download-check>\n          I accept the download conditions        <\/label>\n      <\/div>\n      <div class=\"dwl-c d-flex mt-4\" data-pop-download-dwlc>\n        <a href=\"#\" class=\"mr-2 btn-ampere no-change width-fit\" data-pop-download-cta><\/a>\n      <\/div>\n      <button type=\"button\" class=\"close\" data-pop-download-close aria-label=\"Fermer\">\n        <svg width=\"48\" height=\"48\" viewBox=\"0 0 48 48\" fill=\"none\" xmlns=\"http:\/\/www.w3.org\/2000\/svg\">\n          <circle cx=\"24\" cy=\"24\" r=\"24\" fill=\"#1E1E1E\"\/>\n          <path fill-rule=\"evenodd\" clip-rule=\"evenodd\"\n                d=\"M31.0286 18.0322L29.9466 16.9502L23.9964 22.9003L18.0498 16.9537L16.9678 18.0357L22.9144 23.9823L16.9583 29.9384L18.0403 31.0204L23.9964 25.0643L29.9506 31.0185L31.0326 29.9365L25.0784 23.9823L31.0286 18.0322Z\"\n                fill=\"#FAFAFA\"\/>\n        <\/svg>\n      <\/button>\n    <\/div>\n  <\/div>\n  <\/div>\n\n\n\n\n\n  <div id=\"acf-block-6993204e38c3b\" class=\"cp-content teq-container black anim-bg  \" data-color=\"black\">\n    <div class=\"teq-row max-w d-flex  justify-center height-100 align-center\">\n        <div class=\"col-12 relative cp-wysiwyg col-lg-8\">\n        \n            <h3 class=\"mb-3 txt-22 ls-9  l-120 title w-400 wix text-uppercase animShowText\" data-from=\"bottom\">\n                <p><strong>Terms of Use and Download<\/strong><\/p>\n            <\/h3>\n\n        \n                        <div class=\"mt-0 \"><p><em>The content available on this website (including but not limited to texts, images, photographs, videos and audio materials) is the property of the companies of Renault Group and\/or of third parties who have authorized its use. This content is made available exclusively for non\u2011commercial editorial use. Journalists, influencers and media professionals may use this content as sources for the creation of their own editorial materials, provided that such materials do not have any commercial character.<\/em><\/p>\n<p><em>Any use for commercial, marketing, advertising or promotional purposes, including on social media, is strictly prohibited.<\/em><\/p>\n<p><em>The use of this content is subject to these terms as well as to the legal notices of the website, which the user acknowledges having read and accepted.<\/em><\/p>\n<\/div>\n                                        <\/div>\n\n    <\/div>\n  <\/div>\n\n\n\n  <div id=\"acf-block-692dc9d356c3f\" class=\"cp-content teq-container white anim-bg  \" data-color=\"white\">\n    <div class=\"teq-row max-w d-flex  justify-center height-100 align-center\">\n        <div class=\"col-12 relative cp-wysiwyg col-lg-8\">\n        \n                        <div class=\"mt-0 \"><h2>Press contact<\/h2>\n<p>&nbsp;<\/p>\n<p><strong>Ampere:<\/strong><\/p>\n<p>Samira Chakkaf Andalouci &#8211; Head of External communication &amp; PR<\/p>\n<p><a href=\"mailto:Samira.chakkaf@ampere.cars\">Samira.chakkaf@ampere.cars<\/a><\/p>\n<p>+33 6.30.74.12.02<\/p>\n<\/div>\n                                        <\/div>\n\n    <\/div>\n  <\/div>\n\n\n\n<div id=\"block_61196554952cafe1956a28a3a4b0e418\" class=\"teq-container cp-mesh anim-bg \" data-color=\"white\">\n            <div class=\"teq-row max-w mb-3 mb-lg-6\">\n            <div class=\"col-12\">\n                <h3 class=\"txt-22 wix w-400 l-120 ls-9 text-uppercase animShowText\" data-from=\"bottom\">\n                    <p>CONTINUE<br \/>\n<strong>EXPLORING<\/strong><\/p>\n                <\/h3>\n            <\/div>\n        <\/div>\n            <ul aria-label=\"Other pages of Amp\u00e8re\" class=\"teq-row max-w colum row-lg justify-center\">\n                            <li class=\"col-12 col-lg-4 mb-5 mb-lg-0\">\n                    <div class=\"relative width-100 height-100 relative\">\n                                                    <div class=\"picture\">\n                                <img decoding=\"async\" class=\"d-flex width-100 height-auto\" src=\"https:\/\/www.ampere.cars\/app\/uploads\/2023\/11\/header-designed-lead.jpg\" alt=\"ampere\">\n                            <\/div>\n                                                                            <a class=\"txt-14 w-700 wix l-120 ls-6 text-uppercase stretched-link mt-2 mt-lg-3 c-black\" href=\"https:\/\/www.ampere.cars\/en\/about-ampere\/\" target=\"\">\n                                Who we are                            <\/a>\n                                            <\/div>\n                <\/li>\n                            <li class=\"col-12 col-lg-4 mb-5 mb-lg-0\">\n                    <div class=\"relative width-100 height-100 relative\">\n                                                    <div class=\"picture\">\n                                <img decoding=\"async\" class=\"d-flex width-100 height-auto\" src=\"https:\/\/www.ampere.cars\/app\/uploads\/2023\/11\/Visuel-rebond-what.jpg\" alt=\"Visuel rebond what\">\n                            <\/div>\n                                                                            <a class=\"txt-14 w-700 wix l-120 ls-6 text-uppercase stretched-link mt-2 mt-lg-3 c-black\" href=\"https:\/\/www.ampere.cars\/en\/what-we-do\/\" target=\"\">\n                                What we do                            <\/a>\n                                            <\/div>\n                <\/li>\n                            <li class=\"col-12 col-lg-4 mb-5 mb-lg-0\">\n                    <div class=\"relative width-100 height-100 relative\">\n                                                    <div class=\"picture\">\n                                <img decoding=\"async\" class=\"d-flex width-100 height-auto\" src=\"https:\/\/www.ampere.cars\/app\/uploads\/2023\/11\/Nouveau-projet-22.jpg\" alt=\"cmd ampere\">\n                            <\/div>\n                                                                            <a class=\"txt-14 w-700 wix l-120 ls-6 text-uppercase stretched-link mt-2 mt-lg-3 c-black\" href=\"https:\/\/www.ampere.cars\/en\/amperes-news\/\" target=\"\">\n                                News                            <\/a>\n                                            <\/div>\n                <\/li>\n                    <\/ul>\n    <\/div>\n\n","protected":false},"menu_order":0,"template":"","actualite_thematique":[],"actualite_format":[38],"actualite_annee":[],"acf":[],"yoast_head":"<!-- This site is optimized with the Yoast SEO plugin v21.2 - https:\/\/yoast.com\/wordpress\/plugins\/seo\/ -->\n<title>100,000 Renault 5 E-tech electric vehicles built at DOUAI: Turning the spotlight on \u201cMade in France\u201d - Ampere.cars<\/title>\n<meta name=\"robots\" content=\"index, follow, max-snippet:-1, max-image-preview:large, max-video-preview:-1\" \/>\n<link rel=\"canonical\" href=\"https:\/\/www.ampere.cars\/en\/news\/100000-renault-5-e-tech-electric-vehicles-built-at-douai-turning-the-spotlight-on-made-in-france\/\" \/>\n<meta property=\"og:locale\" content=\"en_US\" \/>\n<meta property=\"og:type\" content=\"article\" \/>\n<meta property=\"og:title\" content=\"100,000 Renault 5 E-tech electric vehicles built at DOUAI: Turning the spotlight on \u201cMade in France\u201d - Ampere.cars\" \/>\n<meta property=\"og:url\" content=\"https:\/\/www.ampere.cars\/en\/news\/100000-renault-5-e-tech-electric-vehicles-built-at-douai-turning-the-spotlight-on-made-in-france\/\" \/>\n<meta property=\"og:site_name\" content=\"Ampere.cars\" \/>\n<meta property=\"article:modified_time\" content=\"2026-02-16T13:57:36+00:00\" \/>\n<meta name=\"twitter:card\" content=\"summary_large_image\" \/>\n<script type=\"application\/ld+json\" class=\"yoast-schema-graph\">{\"@context\":\"https:\/\/schema.org\",\"@graph\":[{\"@type\":\"WebPage\",\"@id\":\"https:\/\/www.ampere.cars\/en\/news\/100000-renault-5-e-tech-electric-vehicles-built-at-douai-turning-the-spotlight-on-made-in-france\/\",\"url\":\"https:\/\/www.ampere.cars\/en\/news\/100000-renault-5-e-tech-electric-vehicles-built-at-douai-turning-the-spotlight-on-made-in-france\/\",\"name\":\"100,000 Renault 5 E-tech electric vehicles built at DOUAI: Turning the spotlight on \u201cMade in France\u201d - Ampere.cars\",\"isPartOf\":{\"@id\":\"https:\/\/www.ampere.cars\/en\/#website\"},\"datePublished\":\"2025-12-02T09:00:17+00:00\",\"dateModified\":\"2026-02-16T13:57:36+00:00\",\"breadcrumb\":{\"@id\":\"https:\/\/www.ampere.cars\/en\/news\/100000-renault-5-e-tech-electric-vehicles-built-at-douai-turning-the-spotlight-on-made-in-france\/#breadcrumb\"},\"inLanguage\":\"en-US\",\"potentialAction\":[{\"@type\":\"ReadAction\",\"target\":[\"https:\/\/www.ampere.cars\/en\/news\/100000-renault-5-e-tech-electric-vehicles-built-at-douai-turning-the-spotlight-on-made-in-france\/\"]}]},{\"@type\":\"BreadcrumbList\",\"@id\":\"https:\/\/www.ampere.cars\/en\/news\/100000-renault-5-e-tech-electric-vehicles-built-at-douai-turning-the-spotlight-on-made-in-france\/#breadcrumb\",\"itemListElement\":[{\"@type\":\"ListItem\",\"position\":1,\"name\":\"Home\",\"item\":\"https:\/\/www.ampere.cars\/en\/\"},{\"@type\":\"ListItem\",\"position\":2,\"name\":\"Ampere&#8217;s news\",\"item\":\"https:\/\/www.ampere.cars\/en\/amperes-news\/\"},{\"@type\":\"ListItem\",\"position\":3,\"name\":\"100,000 Renault 5 E-tech electric vehicles built at DOUAI: Turning the spotlight on \u201cMade in France\u201d\"}]},{\"@type\":\"WebSite\",\"@id\":\"https:\/\/www.ampere.cars\/en\/#website\",\"url\":\"https:\/\/www.ampere.cars\/en\/\",\"name\":\"Ampere.cars\",\"description\":\"\",\"potentialAction\":[{\"@type\":\"SearchAction\",\"target\":{\"@type\":\"EntryPoint\",\"urlTemplate\":\"https:\/\/www.ampere.cars\/en\/?s={search_term_string}\"},\"query-input\":\"required name=search_term_string\"}],\"inLanguage\":\"en-US\"}]}<\/script>\n<!-- \/ Yoast SEO plugin. -->","yoast_head_json":{"title":"100,000 Renault 5 E-tech electric vehicles built at DOUAI: Turning the spotlight on \u201cMade in France\u201d - Ampere.cars","robots":{"index":"index","follow":"follow","max-snippet":"max-snippet:-1","max-image-preview":"max-image-preview:large","max-video-preview":"max-video-preview:-1"},"canonical":"https:\/\/www.ampere.cars\/en\/news\/100000-renault-5-e-tech-electric-vehicles-built-at-douai-turning-the-spotlight-on-made-in-france\/","og_locale":"en_US","og_type":"article","og_title":"100,000 Renault 5 E-tech electric vehicles built at DOUAI: Turning the spotlight on \u201cMade in France\u201d - Ampere.cars","og_url":"https:\/\/www.ampere.cars\/en\/news\/100000-renault-5-e-tech-electric-vehicles-built-at-douai-turning-the-spotlight-on-made-in-france\/","og_site_name":"Ampere.cars","article_modified_time":"2026-02-16T13:57:36+00:00","twitter_card":"summary_large_image","schema":{"@context":"https:\/\/schema.org","@graph":[{"@type":"WebPage","@id":"https:\/\/www.ampere.cars\/en\/news\/100000-renault-5-e-tech-electric-vehicles-built-at-douai-turning-the-spotlight-on-made-in-france\/","url":"https:\/\/www.ampere.cars\/en\/news\/100000-renault-5-e-tech-electric-vehicles-built-at-douai-turning-the-spotlight-on-made-in-france\/","name":"100,000 Renault 5 E-tech electric vehicles built at DOUAI: Turning the spotlight on \u201cMade in France\u201d - Ampere.cars","isPartOf":{"@id":"https:\/\/www.ampere.cars\/en\/#website"},"datePublished":"2025-12-02T09:00:17+00:00","dateModified":"2026-02-16T13:57:36+00:00","breadcrumb":{"@id":"https:\/\/www.ampere.cars\/en\/news\/100000-renault-5-e-tech-electric-vehicles-built-at-douai-turning-the-spotlight-on-made-in-france\/#breadcrumb"},"inLanguage":"en-US","potentialAction":[{"@type":"ReadAction","target":["https:\/\/www.ampere.cars\/en\/news\/100000-renault-5-e-tech-electric-vehicles-built-at-douai-turning-the-spotlight-on-made-in-france\/"]}]},{"@type":"BreadcrumbList","@id":"https:\/\/www.ampere.cars\/en\/news\/100000-renault-5-e-tech-electric-vehicles-built-at-douai-turning-the-spotlight-on-made-in-france\/#breadcrumb","itemListElement":[{"@type":"ListItem","position":1,"name":"Home","item":"https:\/\/www.ampere.cars\/en\/"},{"@type":"ListItem","position":2,"name":"Ampere&#8217;s news","item":"https:\/\/www.ampere.cars\/en\/amperes-news\/"},{"@type":"ListItem","position":3,"name":"100,000 Renault 5 E-tech electric vehicles built at DOUAI: Turning the spotlight on \u201cMade in France\u201d"}]},{"@type":"WebSite","@id":"https:\/\/www.ampere.cars\/en\/#website","url":"https:\/\/www.ampere.cars\/en\/","name":"Ampere.cars","description":"","potentialAction":[{"@type":"SearchAction","target":{"@type":"EntryPoint","urlTemplate":"https:\/\/www.ampere.cars\/en\/?s={search_term_string}"},"query-input":"required name=search_term_string"}],"inLanguage":"en-US"}]}},"_links":{"self":[{"href":"https:\/\/www.ampere.cars\/en\/wp-json\/wp\/v2\/actualites\/10713"}],"collection":[{"href":"https:\/\/www.ampere.cars\/en\/wp-json\/wp\/v2\/actualites"}],"about":[{"href":"https:\/\/www.ampere.cars\/en\/wp-json\/wp\/v2\/types\/actualites"}],"wp:attachment":[{"href":"https:\/\/www.ampere.cars\/en\/wp-json\/wp\/v2\/media?parent=10713"}],"wp:term":[{"taxonomy":"actualite_thematique","embeddable":true,"href":"https:\/\/www.ampere.cars\/en\/wp-json\/wp\/v2\/actualite_thematique?post=10713"},{"taxonomy":"actualite_format","embeddable":true,"href":"https:\/\/www.ampere.cars\/en\/wp-json\/wp\/v2\/actualite_format?post=10713"},{"taxonomy":"actualite_annee","embeddable":true,"href":"https:\/\/www.ampere.cars\/en\/wp-json\/wp\/v2\/actualite_annee?post=10713"}],"curies":[{"name":"wp","href":"https:\/\/api.w.org\/{rel}","templated":true}]}}